{"id":341553,"date":"2024-11-22T00:27:29","date_gmt":"2024-11-22T03:27:29","guid":{"rendered":"https:\/\/www.notibras.com\/site\/?p=341553"},"modified":"2024-11-22T10:28:59","modified_gmt":"2024-11-22T13:28:59","slug":"infogripe-alerta-sobre-casos-de-rinovirus-no-nordeste","status":"publish","type":"post","link":"https:\/\/www.notibras.com\/site\/infogripe-alerta-sobre-casos-de-rinovirus-no-nordeste\/","title":{"rendered":"InfoGripe alerta sobre casos de rinov\u00edrus no Nordeste"},"content":{"rendered":"<p>O Boletim InfoGripe da Fiocruz aponta que o rinov\u00edrus permanece como o principal v\u00edrus respons\u00e1vel por casos de S\u00edndrome Respirat\u00f3ria Aguda Grave (SRAG) em crian\u00e7as e adolescentes de at\u00e9 14 anos, sobretudo nos estados das regi\u00f5es Norte e Nordeste, enquanto a Covid-19 predomina entre os idosos.<\/p>\n<p>A pesquisadora do Programa de Computa\u00e7\u00e3o Cient\u00edfica (Procc\/Fiocruz) e do InfoGripe, Tatiana Portella, diz que, apesar do alerta relacionado ao rinov\u00edrus e Covid-19 em alguns estados e faixas et\u00e1rias, as hospitaliza\u00e7\u00f5es associadas a ambos os v\u00edrus est\u00e3o em tend\u00eancia de queda ou estabilidade na maior parte do pa\u00eds.<\/p>\n<p>\u201cNessa \u00faltima atualiza\u00e7\u00e3o do Boletim InfoGripe a gente observa uma redu\u00e7\u00e3o dos novos casos de SRAG no agregado nacional e tamb\u00e9m de redu\u00e7\u00e3o ou estabilidade dos casos de SRAG na maioria dos estados no pa\u00eds\u201d, afirma Tatiana.<\/p>\n<p><strong>Desacelera\u00e7\u00e3o<\/strong><br \/>\n\u201cNo estado do Rio de Janeiro, o aumento dos casos de SRAG ocorre em praticamente todas as faixas et\u00e1rias, e est\u00e1 associado ao rinov\u00edrus nas crian\u00e7as e adolescentes de at\u00e9 14 anos, e \u00e0 Covid-19 entre os idosos. Contudo, com exce\u00e7\u00e3o apenas da popula\u00e7\u00e3o idosa de 50 a 64 anos, os casos de SRAG no estado j\u00e1 apresentam sinal de desacelera\u00e7\u00e3o do crescimento\u201d, diz a Fiocruz.<\/p>\n<p>A S\u00edndrome Respirat\u00f3ria Aguda Grave (SRAG) registrou, em 2024, 9.726 \u00f3bitos, sendo notificados 158.788 casos no pa\u00eds.<\/p>\n","protected":false},"excerpt":{"rendered":"<p>O Boletim InfoGripe da Fiocruz aponta que o rinov\u00edrus permanece como o principal v\u00edrus respons\u00e1vel por casos de S\u00edndrome Respirat\u00f3ria Aguda Grave (SRAG) em crian\u00e7as e adolescentes de at\u00e9 14 anos, sobretudo nos estados das regi\u00f5es Norte e Nordeste, enquanto a Covid-19 predomina entre os idosos. A pesquisadora do Programa de Computa\u00e7\u00e3o Cient\u00edfica (Procc\/Fiocruz) e [&hellip;]<\/p>\n","protected":false},"author":2,"featured_media":341554,"comment_status":"closed","ping_status":"closed","sticky":false,"template":"","format":"standard","meta":{"_acf_changed":false,"footnotes":""},"categories":[165],"tags":[],"class_list":["post-341553","post","type-post","status-publish","format-standard","has-post-thumbnail","hentry","category-nordeste"],"acf":[],"_links":{"self":[{"href":"https:\/\/www.notibras.com\/site\/wp-json\/wp\/v2\/posts\/341553","targetHints":{"allow":["GET"]}}],"collection":[{"href":"https:\/\/www.notibras.com\/site\/wp-json\/wp\/v2\/posts"}],"about":[{"href":"https:\/\/www.notibras.com\/site\/wp-json\/wp\/v2\/types\/post"}],"author":[{"embeddable":true,"href":"https:\/\/www.notibras.com\/site\/wp-json\/wp\/v2\/users\/2"}],"replies":[{"embeddable":true,"href":"https:\/\/www.notibras.com\/site\/wp-json\/wp\/v2\/comments?post=341553"}],"version-history":[{"count":1,"href":"https:\/\/www.notibras.com\/site\/wp-json\/wp\/v2\/posts\/341553\/revisions"}],"predecessor-version":[{"id":341555,"href":"https:\/\/www.notibras.com\/site\/wp-json\/wp\/v2\/posts\/341553\/revisions\/341555"}],"wp:featuredmedia":[{"embeddable":true,"href":"https:\/\/www.notibras.com\/site\/wp-json\/wp\/v2\/media\/341554"}],"wp:attachment":[{"href":"https:\/\/www.notibras.com\/site\/wp-json\/wp\/v2\/media?parent=341553"}],"wp:term":[{"taxonomy":"category","embeddable":true,"href":"https:\/\/www.notibras.com\/site\/wp-json\/wp\/v2\/categories?post=341553"},{"taxonomy":"post_tag","embeddable":true,"href":"https:\/\/www.notibras.com\/site\/wp-json\/wp\/v2\/tags?post=341553"}],"curies":[{"name":"wp","href":"https:\/\/api.w.org\/{rel}","templated":true}]}}