{"id":341556,"date":"2024-11-22T00:00:21","date_gmt":"2024-11-22T03:00:21","guid":{"rendered":"https:\/\/www.notibras.com\/site\/?p=341556"},"modified":"2024-11-22T10:36:56","modified_gmt":"2024-11-22T13:36:56","slug":"governo-alerta-sobre-fake-news-de-pagamento-do-bolsa-familia","status":"publish","type":"post","link":"https:\/\/www.notibras.com\/site\/governo-alerta-sobre-fake-news-de-pagamento-do-bolsa-familia\/","title":{"rendered":"Governo alerta sobre fake news de pagamento do Bolsa Fam\u00edlia"},"content":{"rendered":"<p>O Minist\u00e9rio do Desenvolvimento e Assist\u00eancia Social, Fam\u00edlia e Combate \u00e0 Fome (MDS) alertou, nesta quinta-feira (21), os benefici\u00e1rios do Bolsa Fam\u00edlia sobre mentiras envolvendo o programa.<\/p>\n<p>Em nota, o MDS avisa que circula na internet o conte\u00fado falso que informa errado que em dezembro haveria dois pagamentos do benef\u00edcio, sendo um deles a antecipa\u00e7\u00e3o da parcela de janeiro.<\/p>\n<p>As informa\u00e7\u00f5es s\u00e3o falsas, afirma o minist\u00e9rio. O pagamento oficial mensal do benef\u00edcio segue o calend\u00e1rio divulgado no in\u00edcio deste ano e dispon\u00edvel no site do Minist\u00e9rio do Desenvolvimento e Assist\u00eancia Social, Fam\u00edlia e Combate \u00e0 Fome (MDS).<\/p>\n<p>O minist\u00e9rio orienta que, em caso de d\u00favidas, o cidad\u00e3o deve procurar a Ouvidoria pelo Disque Social 121, ou buscar informa\u00e7\u00f5es no portal do minist\u00e9rio e nas redes sociais da pasta.<\/p>\n<p>O Bolsa Fam\u00edlia tamb\u00e9m n\u00e3o tem pagamento de uma 13\u00aa parcela de benef\u00edcio.<\/p>\n","protected":false},"excerpt":{"rendered":"<p>O Minist\u00e9rio do Desenvolvimento e Assist\u00eancia Social, Fam\u00edlia e Combate \u00e0 Fome (MDS) alertou, nesta quinta-feira (21), os benefici\u00e1rios do Bolsa Fam\u00edlia sobre mentiras envolvendo o programa. Em nota, o MDS avisa que circula na internet o conte\u00fado falso que informa errado que em dezembro haveria dois pagamentos do benef\u00edcio, sendo um deles a antecipa\u00e7\u00e3o [&hellip;]<\/p>\n","protected":false},"author":2,"featured_media":341557,"comment_status":"closed","ping_status":"closed","sticky":false,"template":"","format":"standard","meta":{"_acf_changed":false,"footnotes":""},"categories":[165],"tags":[],"class_list":["post-341556","post","type-post","status-publish","format-standard","has-post-thumbnail","hentry","category-nordeste"],"acf":[],"_links":{"self":[{"href":"https:\/\/www.notibras.com\/site\/wp-json\/wp\/v2\/posts\/341556","targetHints":{"allow":["GET"]}}],"collection":[{"href":"https:\/\/www.notibras.com\/site\/wp-json\/wp\/v2\/posts"}],"about":[{"href":"https:\/\/www.notibras.com\/site\/wp-json\/wp\/v2\/types\/post"}],"author":[{"embeddable":true,"href":"https:\/\/www.notibras.com\/site\/wp-json\/wp\/v2\/users\/2"}],"replies":[{"embeddable":true,"href":"https:\/\/www.notibras.com\/site\/wp-json\/wp\/v2\/comments?post=341556"}],"version-history":[{"count":1,"href":"https:\/\/www.notibras.com\/site\/wp-json\/wp\/v2\/posts\/341556\/revisions"}],"predecessor-version":[{"id":341558,"href":"https:\/\/www.notibras.com\/site\/wp-json\/wp\/v2\/posts\/341556\/revisions\/341558"}],"wp:featuredmedia":[{"embeddable":true,"href":"https:\/\/www.notibras.com\/site\/wp-json\/wp\/v2\/media\/341557"}],"wp:attachment":[{"href":"https:\/\/www.notibras.com\/site\/wp-json\/wp\/v2\/media?parent=341556"}],"wp:term":[{"taxonomy":"category","embeddable":true,"href":"https:\/\/www.notibras.com\/site\/wp-json\/wp\/v2\/categories?post=341556"},{"taxonomy":"post_tag","embeddable":true,"href":"https:\/\/www.notibras.com\/site\/wp-json\/wp\/v2\/tags?post=341556"}],"curies":[{"name":"wp","href":"https:\/\/api.w.org\/{rel}","templated":true}]}}