{"id":341559,"date":"2024-11-22T01:48:01","date_gmt":"2024-11-22T04:48:01","guid":{"rendered":"https:\/\/www.notibras.com\/site\/?p=341559"},"modified":"2024-11-22T10:50:43","modified_gmt":"2024-11-22T13:50:43","slug":"justica-americana-manda-devolver-a-bahia-esmeralda-levada-ilegalmente","status":"publish","type":"post","link":"https:\/\/www.notibras.com\/site\/justica-americana-manda-devolver-a-bahia-esmeralda-levada-ilegalmente\/","title":{"rendered":"Justi\u00e7a americana manda devolver \u00e0 Bahia esmeralda levada ilegalmente"},"content":{"rendered":"<p>A Justi\u00e7a dos Estados Unidos determinou a devolu\u00e7\u00e3o ao Brasil de uma esmeralda de quase 380 quilos, encontrada na Bahia em 2021 e comercializada ilegalmente. A decis\u00e3o reflete os esfor\u00e7os de coopera\u00e7\u00e3o internacional para combater o tr\u00e1fico de pedras preciosas, que muitas vezes envolve esquemas complexos de exporta\u00e7\u00e3o e venda no mercado negro.<\/p>\n<p>A pedra preciosa foi extra\u00edda de forma ilegal em uma mina na Bahia, estado conhecido por sua riqueza em recursos minerais. Posteriormente, a esmeralda foi exportada sem autoriza\u00e7\u00e3o e acabou sendo negociada nos Estados Unidos. As autoridades brasileiras notificaram o governo norte-americano sobre a situa\u00e7\u00e3o, e uma investiga\u00e7\u00e3o conjunta foi iniciada.<\/p>\n<p>O tribunal americano concluiu que a esmeralda foi retirada do Brasil em desacordo com as leis nacionais, violando conven\u00e7\u00f5es internacionais que regulamentam o com\u00e9rcio de bens culturais e naturais. Como resultado, determinou-se a repatria\u00e7\u00e3o do mineral ao Brasil, onde dever\u00e1 ser incorporado ao patrim\u00f4nio nacional ou leiloado em condi\u00e7\u00f5es legais.<\/p>\n<p>Casos como este ressaltam a import\u00e2ncia de fortalecer a fiscaliza\u00e7\u00e3o e a rastreabilidade no setor de minera\u00e7\u00e3o. A Bahia \u00e9 uma das maiores produtoras de gemas do pa\u00eds, e a extra\u00e7\u00e3o ilegal de minerais representa uma amea\u00e7a tanto ao meio ambiente quanto \u00e0 economia local.<\/p>\n<p>A devolu\u00e7\u00e3o da esmeralda pode abrir precedentes para outras recupera\u00e7\u00f5es de bens naturais exportados irregularmente, refor\u00e7ando o combate ao tr\u00e1fico internacional de recursos minerais.<\/p>\n","protected":false},"excerpt":{"rendered":"<p>A Justi\u00e7a dos Estados Unidos determinou a devolu\u00e7\u00e3o ao Brasil de uma esmeralda de quase 380 quilos, encontrada na Bahia em 2021 e comercializada ilegalmente. A decis\u00e3o reflete os esfor\u00e7os de coopera\u00e7\u00e3o internacional para combater o tr\u00e1fico de pedras preciosas, que muitas vezes envolve esquemas complexos de exporta\u00e7\u00e3o e venda no mercado negro. A pedra [&hellip;]<\/p>\n","protected":false},"author":2,"featured_media":341560,"comment_status":"closed","ping_status":"closed","sticky":false,"template":"","format":"standard","meta":{"_acf_changed":false,"footnotes":""},"categories":[165],"tags":[],"class_list":["post-341559","post","type-post","status-publish","format-standard","has-post-thumbnail","hentry","category-nordeste"],"acf":[],"_links":{"self":[{"href":"https:\/\/www.notibras.com\/site\/wp-json\/wp\/v2\/posts\/341559","targetHints":{"allow":["GET"]}}],"collection":[{"href":"https:\/\/www.notibras.com\/site\/wp-json\/wp\/v2\/posts"}],"about":[{"href":"https:\/\/www.notibras.com\/site\/wp-json\/wp\/v2\/types\/post"}],"author":[{"embeddable":true,"href":"https:\/\/www.notibras.com\/site\/wp-json\/wp\/v2\/users\/2"}],"replies":[{"embeddable":true,"href":"https:\/\/www.notibras.com\/site\/wp-json\/wp\/v2\/comments?post=341559"}],"version-history":[{"count":1,"href":"https:\/\/www.notibras.com\/site\/wp-json\/wp\/v2\/posts\/341559\/revisions"}],"predecessor-version":[{"id":341561,"href":"https:\/\/www.notibras.com\/site\/wp-json\/wp\/v2\/posts\/341559\/revisions\/341561"}],"wp:featuredmedia":[{"embeddable":true,"href":"https:\/\/www.notibras.com\/site\/wp-json\/wp\/v2\/media\/341560"}],"wp:attachment":[{"href":"https:\/\/www.notibras.com\/site\/wp-json\/wp\/v2\/media?parent=341559"}],"wp:term":[{"taxonomy":"category","embeddable":true,"href":"https:\/\/www.notibras.com\/site\/wp-json\/wp\/v2\/categories?post=341559"},{"taxonomy":"post_tag","embeddable":true,"href":"https:\/\/www.notibras.com\/site\/wp-json\/wp\/v2\/tags?post=341559"}],"curies":[{"name":"wp","href":"https:\/\/api.w.org\/{rel}","templated":true}]}}