{"id":341562,"date":"2024-11-22T01:25:15","date_gmt":"2024-11-22T04:25:15","guid":{"rendered":"https:\/\/www.notibras.com\/site\/?p=341562"},"modified":"2024-11-22T11:27:21","modified_gmt":"2024-11-22T14:27:21","slug":"ibaneis-cria-divisao-de-protecao-e-combate-ao-extremismo-violento","status":"publish","type":"post","link":"https:\/\/www.notibras.com\/site\/ibaneis-cria-divisao-de-protecao-e-combate-ao-extremismo-violento\/","title":{"rendered":"Ibaneis cria Divis\u00e3o de Prote\u00e7\u00e3o e Combate ao Extremismo Violento"},"content":{"rendered":"<p>O governador Ibaneis Rocha assinou, nesta quinta-feira (21), o decreto que cria a Divis\u00e3o de Prote\u00e7\u00e3o e Combate ao Extremismo Violento (Dpcev) dentro do organograma da PCDF | Foto: Renato Alves\/Ag\u00eancia Bras\u00edlia<\/p>\n<p>Ao assinar o decreto, o chefe do Executivo defendeu as for\u00e7as de seguran\u00e7a do DF e o avan\u00e7o na prote\u00e7\u00e3o da capital do pa\u00eds. \u201cTemos os melhores profissionais do Brasil e os nossos \u00edndices de seguran\u00e7a demonstram isso. Com essa nova divis\u00e3o mantemos a nossa cidade ainda mais protegida. Sabemos da responsabilidade com os tr\u00eas milh\u00f5es de habitantes, com todo o corpo diplom\u00e1tico e todas as institui\u00e7\u00f5es acolhidas aqui no Distrito Federal. Certamente a Pol\u00edcia Civil far\u00e1 um bel\u00edssimo trabalho preventivo e combativo\u201d, disse Ibaneis Rocha.<\/p>\n<p>A cria\u00e7\u00e3o da Dpcev \u00e9 uma iniciativa do Governo do Distrito Federal (GDF) para prevenir que epis\u00f3dios como o das explos\u00f5es na Pra\u00e7a dos Tr\u00eas Poderes, na noite de quarta-feira (13), voltem a ocorrer. O caso \u00e9 investigado pela Pol\u00edcia Federal (PF) com apoio das pol\u00edcias Militar (PMDF) e Civil (PCDF).<\/p>\n<p>A nova divis\u00e3o da PCDF ser\u00e1 composta por dois delegados e 23 policiais e vai combater, prevenir e mapear tentativas de atentados no DF. A Dpcev ter\u00e1 cart\u00f3rio, se\u00e7\u00e3o de an\u00e1lise t\u00e9cnica, se\u00e7\u00e3o de fontes humanas, se\u00e7\u00e3o de investiga\u00e7\u00e3o, se\u00e7\u00e3o de investiga\u00e7\u00e3o cibern\u00e9tica e se\u00e7\u00e3o de opera\u00e7\u00f5es.<\/p>\n<p>No organograma da PCDF, a divis\u00e3o estar\u00e1 no guarda-chuva do Departamento de Intelig\u00eancia, Tecnologia e Gest\u00e3o da Informa\u00e7\u00e3o (DGI), ligada \u00e0 Coordena\u00e7\u00e3o de Intelig\u00eancia (CI), \u00e0 Divis\u00e3o de Controle de Den\u00fancias (Dicoe) e \u00e0 Divis\u00e3o de Intelig\u00eancia Policial (Dipo).<\/p>\n<p>Para a vice-governadora Celina Le\u00e3o, a cria\u00e7\u00e3o da Dpcev marca um avan\u00e7o significativo na preven\u00e7\u00e3o e investiga\u00e7\u00e3o de crimes no DF. \u201cEssa nova divis\u00e3o da Secretaria de Seguran\u00e7a P\u00fablica, conduzida pela Pol\u00edcia Civil, refor\u00e7a nossa capacidade de proteger os poderes e garantir a seguran\u00e7a da popula\u00e7\u00e3o. Nosso compromisso di\u00e1rio \u00e9 tornar o Distrito Federal um lugar cada vez mais seguro, e tenho plena confian\u00e7a de que a Dpcev atuar\u00e1 com a excel\u00eancia j\u00e1 reconhecida da PCDF\u201d, destacou Celina Le\u00e3o.<\/p>\n<p>O secret\u00e1rio de Seguran\u00e7a P\u00fablica do Distrito Federal, Sandro Avelar, defendeu a estrutura que vai atuar tanto na preven\u00e7\u00e3o quanto no combate a manifesta\u00e7\u00f5es radicais, frequentemente violentas, que possam amea\u00e7ar a seguran\u00e7a da capital federal. Avelar destacou a peculiaridade de Bras\u00edlia como alvo dessas a\u00e7\u00f5es devido ao seu papel como sede dos governos local e federal e in\u00fameras institui\u00e7\u00f5es, o que atrai indiv\u00edduos com inten\u00e7\u00f5es criminosas.<\/p>\n<p>\u201cBras\u00edlia tem uma situa\u00e7\u00e3o muito peculiar, na medida em que, sendo a capital federal, acaba atraindo esse tipo de manifesta\u00e7\u00e3o radical, muitas vezes violenta e criminosa\u201d, afirmou. A divis\u00e3o ser\u00e1 respons\u00e1vel por monitorar perfis suspeitos, investigando previamente poss\u00edveis amea\u00e7as, e agindo com uma equipe especializada para garantir que atos extremistas n\u00e3o se concretizem. \u201cA PCDF que j\u00e1 tem o maior \u00edndice de solu\u00e7\u00e3o de criminalidade em todo o pa\u00eds agora tamb\u00e9m expande a sua atividade nesse sentido de evitar atos de extremismo violento\u201d, acrescentou Avelar.<\/p>\n<p>De acordo com o delegado-geral da PCDF, Jos\u00e9 Werick de Carvalho, os profissionais da divis\u00e3o v\u00e3o passar por treinamentos espec\u00edficos. Ele afirmou tamb\u00e9m que a popula\u00e7\u00e3o vai poder colaborar com den\u00fancias para que a divis\u00e3o investigue. \u201cVamos criar quatro se\u00e7\u00f5es, uma espec\u00edfica para a investiga\u00e7\u00e3o de atos violentos extremistas, outra de tecnologia, especificamente nessa \u00e1rea de investiga\u00e7\u00e3o de redes sociais e de qualquer conduta que possa caminhar nesse sentido de extremismo violento\u201d, detalhou.<\/p>\n<p>\u201cPretendemos criar um protocolo, fazer treinamento, inclusive no exterior, para que a equipe possa adquirir toda a expertise para enfrentar esse fen\u00f4meno que coloca em risco a integridade da sociedade. N\u00f3s j\u00e1 temos algumas a\u00e7\u00f5es previstas para assim que n\u00f3s iniciarmos a estrutura da divis\u00e3o. N\u00f3s n\u00e3o podemos deixar que atos extremistas coloquem em risco a democracia, o Estado democr\u00e1tico de direito, integridade das pessoas e das autoridades\u201d, refor\u00e7ou Jos\u00e9 Werick de Carvalho.<\/p>\n","protected":false},"excerpt":{"rendered":"<p>O governador Ibaneis Rocha assinou, nesta quinta-feira (21), o decreto que cria a Divis\u00e3o de Prote\u00e7\u00e3o e Combate ao Extremismo Violento (Dpcev) dentro do organograma da PCDF | Foto: Renato Alves\/Ag\u00eancia Bras\u00edlia Ao assinar o decreto, o chefe do Executivo defendeu as for\u00e7as de seguran\u00e7a do DF e o avan\u00e7o na prote\u00e7\u00e3o da capital do [&hellip;]<\/p>\n","protected":false},"author":2,"featured_media":341563,"comment_status":"closed","ping_status":"closed","sticky":false,"template":"","format":"standard","meta":{"_acf_changed":false,"footnotes":""},"categories":[161],"tags":[],"class_list":["post-341562","post","type-post","status-publish","format-standard","has-post-thumbnail","hentry","category-quadradinho-em-foco"],"acf":[],"_links":{"self":[{"href":"https:\/\/www.notibras.com\/site\/wp-json\/wp\/v2\/posts\/341562","targetHints":{"allow":["GET"]}}],"collection":[{"href":"https:\/\/www.notibras.com\/site\/wp-json\/wp\/v2\/posts"}],"about":[{"href":"https:\/\/www.notibras.com\/site\/wp-json\/wp\/v2\/types\/post"}],"author":[{"embeddable":true,"href":"https:\/\/www.notibras.com\/site\/wp-json\/wp\/v2\/users\/2"}],"replies":[{"embeddable":true,"href":"https:\/\/www.notibras.com\/site\/wp-json\/wp\/v2\/comments?post=341562"}],"version-history":[{"count":1,"href":"https:\/\/www.notibras.com\/site\/wp-json\/wp\/v2\/posts\/341562\/revisions"}],"predecessor-version":[{"id":341564,"href":"https:\/\/www.notibras.com\/site\/wp-json\/wp\/v2\/posts\/341562\/revisions\/341564"}],"wp:featuredmedia":[{"embeddable":true,"href":"https:\/\/www.notibras.com\/site\/wp-json\/wp\/v2\/media\/341563"}],"wp:attachment":[{"href":"https:\/\/www.notibras.com\/site\/wp-json\/wp\/v2\/media?parent=341562"}],"wp:term":[{"taxonomy":"category","embeddable":true,"href":"https:\/\/www.notibras.com\/site\/wp-json\/wp\/v2\/categories?post=341562"},{"taxonomy":"post_tag","embeddable":true,"href":"https:\/\/www.notibras.com\/site\/wp-json\/wp\/v2\/tags?post=341562"}],"curies":[{"name":"wp","href":"https:\/\/api.w.org\/{rel}","templated":true}]}}