{"id":341565,"date":"2024-11-22T00:00:05","date_gmt":"2024-11-22T03:00:05","guid":{"rendered":"https:\/\/www.notibras.com\/site\/?p=341565"},"modified":"2024-11-22T11:33:48","modified_gmt":"2024-11-22T14:33:48","slug":"reforma-do-museu-de-ciencias-naturais-entra-na-fase-final","status":"publish","type":"post","link":"https:\/\/www.notibras.com\/site\/reforma-do-museu-de-ciencias-naturais-entra-na-fase-final\/","title":{"rendered":"Reforma do Museu de Ci\u00eancias Naturais entra na fase final"},"content":{"rendered":"<p>Fechado h\u00e1 dois anos, o Museu de Ci\u00eancias Naturais do Zool\u00f3gico de Bras\u00edlia est\u00e1 em obras para ser reinaugurado em breve, com novas alas e novidades para o p\u00fablico ap\u00f3s uma extensa reforma. O espa\u00e7o re\u00fane curiosidades e informa\u00e7\u00f5es sobre os animais nativos do Cerrado e do Pantanal para entreter e informar os visitantes de forma l\u00fadica e cultural sobre a import\u00e2ncia da preserva\u00e7\u00e3o do meio-ambiente e da biodiversidade brasileira.<\/p>\n<p>Visitando o Zool\u00f3gico do DF com a fam\u00edlia, a professora Marise Pantel de Almeida, 61, destacou a relev\u00e2ncia do espa\u00e7o como uma poderosa ferramenta educacional. \u201cAs pessoas precisam ter todas essas viv\u00eancias e informa\u00e7\u00f5es sobre os animais e o museu \u00e9 fundamental para isso. Ver os animais ao vivo e ainda entrar nesse espa\u00e7o onde conseguem saber todo o hist\u00f3rico das esp\u00e9cies \u00e9 muito importante\u201d, afirmou.<\/p>\n<p>\u00c9 a primeira reforma do espa\u00e7o desde a inaugura\u00e7\u00e3o do Zoo, h\u00e1 quase 67 anos. Segundo o diretor-presidente do Zool\u00f3gico de Bras\u00edlia, Wallison Couto, o piso est\u00e1 sendo trocado e a parte el\u00e9trica foi refeita junto a parte de ilumina\u00e7\u00e3o, que antes era totalmente integrada e agora ser\u00e1 complementada, possibilitando uma ilumina\u00e7\u00e3o diferente para diversas alas da exposi\u00e7\u00e3o. \u201cNossa gest\u00e3o priorizou essa reforma do museu no final do ano passado. Inicialmente era uma obra simples, mas resolvemos ampliar um pouco mais o espa\u00e7o, at\u00e9 pela demanda que n\u00f3s temos aqui do p\u00fablico\u201d, detalhou.<\/p>\n<p>O gestor acrescentou que o investimento na obra \u00e9 em torno de R$ 160 mil e engloba um projeto de cria\u00e7\u00e3o de um museu digital, onde as crian\u00e7as poder\u00e3o ter uma liga\u00e7\u00e3o maior com os animais. \u201cO pr\u00e9dio \u00e9 bem antigo, ent\u00e3o nossa ideia \u00e9 modernizar tamb\u00e9m. Estamos nessa era da modernidade, ent\u00e3o precisamos dar um upgrade com essa ideia principal de um museu mais interativo\u201d, frisou o diretor-presidente.<\/p>\n<p><strong>Novas atra\u00e7\u00f5es<\/strong><br \/>\nAp\u00f3s reformada e expandida, o local receber\u00e1 novas pe\u00e7as e atra\u00e7\u00f5es, como uma \u00e1rea osteot\u00e9cnica onde estar\u00e3o expostos os ossos de animais como os elefantes Babu e Nelly \u2013 que n\u00e3o apenas foi a primeira elefanta a morar no Zool\u00f3gico de Bras\u00edlia, como tamb\u00e9m o primeiro animal da hist\u00f3ria da institui\u00e7\u00e3o. Al\u00e9m disso, o Museu de Ci\u00eancias Naturais \u00e9 um dos dois lugares do Zoo que possuem visita guiada.<\/p>\n<p>A aposentada Celina Ciqueira, 60, mora em S\u00e3o Paulo e resolveu visitar o Zool\u00f3gico de Bras\u00edlia recentemente. Ela confessou n\u00e3o saber da exist\u00eancia do Museu de Ci\u00eancias Naturais e revelou empolga\u00e7\u00e3o para visitar o espa\u00e7o quando estiver pronto. \u201c\u00c9 muito legal, porque pessoas de todas as idades v\u00e3o visitar e elas querem absorver cada vez mais conhecimento. Isso faz bem para Bras\u00edlia, porque os visitantes podem conhecer n\u00e3o apenas os animais, mas tamb\u00e9m a hist\u00f3ria daquele bioma. \u00c9 fant\u00e1stico\u201d, observou.<\/p>\n","protected":false},"excerpt":{"rendered":"<p>Fechado h\u00e1 dois anos, o Museu de Ci\u00eancias Naturais do Zool\u00f3gico de Bras\u00edlia est\u00e1 em obras para ser reinaugurado em breve, com novas alas e novidades para o p\u00fablico ap\u00f3s uma extensa reforma. O espa\u00e7o re\u00fane curiosidades e informa\u00e7\u00f5es sobre os animais nativos do Cerrado e do Pantanal para entreter e informar os visitantes de [&hellip;]<\/p>\n","protected":false},"author":2,"featured_media":341566,"comment_status":"closed","ping_status":"closed","sticky":false,"template":"","format":"standard","meta":{"_acf_changed":false,"footnotes":""},"categories":[161],"tags":[],"class_list":["post-341565","post","type-post","status-publish","format-standard","has-post-thumbnail","hentry","category-quadradinho-em-foco"],"acf":[],"_links":{"self":[{"href":"https:\/\/www.notibras.com\/site\/wp-json\/wp\/v2\/posts\/341565","targetHints":{"allow":["GET"]}}],"collection":[{"href":"https:\/\/www.notibras.com\/site\/wp-json\/wp\/v2\/posts"}],"about":[{"href":"https:\/\/www.notibras.com\/site\/wp-json\/wp\/v2\/types\/post"}],"author":[{"embeddable":true,"href":"https:\/\/www.notibras.com\/site\/wp-json\/wp\/v2\/users\/2"}],"replies":[{"embeddable":true,"href":"https:\/\/www.notibras.com\/site\/wp-json\/wp\/v2\/comments?post=341565"}],"version-history":[{"count":1,"href":"https:\/\/www.notibras.com\/site\/wp-json\/wp\/v2\/posts\/341565\/revisions"}],"predecessor-version":[{"id":341567,"href":"https:\/\/www.notibras.com\/site\/wp-json\/wp\/v2\/posts\/341565\/revisions\/341567"}],"wp:featuredmedia":[{"embeddable":true,"href":"https:\/\/www.notibras.com\/site\/wp-json\/wp\/v2\/media\/341566"}],"wp:attachment":[{"href":"https:\/\/www.notibras.com\/site\/wp-json\/wp\/v2\/media?parent=341565"}],"wp:term":[{"taxonomy":"category","embeddable":true,"href":"https:\/\/www.notibras.com\/site\/wp-json\/wp\/v2\/categories?post=341565"},{"taxonomy":"post_tag","embeddable":true,"href":"https:\/\/www.notibras.com\/site\/wp-json\/wp\/v2\/tags?post=341565"}],"curies":[{"name":"wp","href":"https:\/\/api.w.org\/{rel}","templated":true}]}}