{"id":341568,"date":"2024-11-22T00:00:17","date_gmt":"2024-11-22T03:00:17","guid":{"rendered":"https:\/\/www.notibras.com\/site\/?p=341568"},"modified":"2024-11-22T11:40:29","modified_gmt":"2024-11-22T14:40:29","slug":"desfiles-resgatam-em-brasilia-as-noites-pernambucanas","status":"publish","type":"post","link":"https:\/\/www.notibras.com\/site\/desfiles-resgatam-em-brasilia-as-noites-pernambucanas\/","title":{"rendered":"Desfiles resgatam em Bras\u00edlia as noites pernambucanas"},"content":{"rendered":"<p>A 14\u00aa edi\u00e7\u00e3o do Noites Pernambucanas chega ao Clube do Choro nesta sexta (22); o evento gratuito est\u00e1 marcado para as 20h30| Foto: Divulga\u00e7\u00e3o<\/p>\n<p>A noite tem in\u00edcio com a anfitri\u00e3 Orquestra Popular Marafreboi, que celebra o frevo com um repert\u00f3rio autoral repleto de autenticidade. A programa\u00e7\u00e3o tamb\u00e9m contar\u00e1 com a presen\u00e7a do Coral Levino Ferreira (PE), um grupo l\u00edrico feminino que enriquecer\u00e1 o evento ao entoar com beleza e for\u00e7a o frevo de bloco, destacando a sonoridade \u00fanica do canto pernambucano.<\/p>\n<p><strong>Intelig\u00eancia Artificial<\/strong><br \/>\nPara quem deseja explorar o mundo das passarelas, o Museu Nacional da Rep\u00fablica vai receber o projeto Sense Moda Criativa, que divulga minicole\u00e7\u00f5es de estilistas do Distrito Federal inspiradas pela intelig\u00eancia artificial (IA).<\/p>\n<p>Em sua terceira edi\u00e7\u00e3o, o Sense Moda Criativa tem a miss\u00e3o de proporcionar estrutura para que novos estilistas possam apresentar profissionalmente o seu trabalho. O evento ocorre no s\u00e1bado (23), a partir das 16h. A entrada \u00e9 gratuita.<\/p>\n<p>Neste s\u00e1bado, o Museu Nacional da Rep\u00fablica vai receber o projeto Sense Moda Criativa; estilistas do DF v\u00e3o divulgar minicole\u00e7\u00f5es inspiradas pela IA | Foto: Divulga\u00e7\u00e3o\/Sense<\/p>\n<p>Neste ano, o tema da intelig\u00eancia artificial foi proposto aos designers para mostrar como a ferramenta pode contribuir com o trabalho de quem produz moda, sem que ela substitua o poder criativo que somente a intelig\u00eancia humana possui. Cada estilista escolheu como usar ferramentas de IA de uma forma, tanto para ajudar na pesquisa de temas quanto para transformar croquis em imagens 3D.<\/p>\n<p>Para o idealizador do projeto, Igor Alessandro, a ideia \u00e9 movimentar a moda criativa: \u201cA moda no DF precisa ser mais valorizada e proporcionar mais oportunidades para esses talentos se destacarem. J\u00e1 temos profissionais not\u00e1veis no mercado, e minha esperan\u00e7a \u00e9 que possamos continuar a impulsionar cada vez mais os talentos locais\u201d.<\/p>\n<p><strong>Varj\u00e3o<\/strong><br \/>\nA partir de domingo (24), a Casa Aerada Varj\u00e3o, um dos mais charmosos espa\u00e7os culturais do DF, apresenta a exposi\u00e7\u00e3o S\u00edntese, com obras de Felipe Queiroz de Carvalho. Natural do Rio de Janeiro, desde 1960 ele vive e trabalha em Bras\u00edlia. A entrada \u00e9 franca.<\/p>\n<p>Com cerca de 40 obras, a exposi\u00e7\u00e3o revela a trajet\u00f3ria art\u00edstica de Felipe com pinturas e grafites que contam com t\u00e9cnicas mistas. \u201cA ideia \u00e9 reunir trabalhos coesos que indicam a pluralidade da sua produ\u00e7\u00e3o, num processo de pesquisa curatorial que visa identificar um vocabul\u00e1rio principal dentro da produ\u00e7\u00e3o, que se desdobra em diferentes alfabetos\u201d, explica o curador de S\u00edntese, Arthur Gomes Barbosa.<\/p>\n","protected":false},"excerpt":{"rendered":"<p>A 14\u00aa edi\u00e7\u00e3o do Noites Pernambucanas chega ao Clube do Choro nesta sexta (22); o evento gratuito est\u00e1 marcado para as 20h30| Foto: Divulga\u00e7\u00e3o A noite tem in\u00edcio com a anfitri\u00e3 Orquestra Popular Marafreboi, que celebra o frevo com um repert\u00f3rio autoral repleto de autenticidade. A programa\u00e7\u00e3o tamb\u00e9m contar\u00e1 com a presen\u00e7a do Coral Levino [&hellip;]<\/p>\n","protected":false},"author":2,"featured_media":341569,"comment_status":"closed","ping_status":"closed","sticky":false,"template":"","format":"standard","meta":{"_acf_changed":false,"footnotes":""},"categories":[161],"tags":[],"class_list":["post-341568","post","type-post","status-publish","format-standard","has-post-thumbnail","hentry","category-quadradinho-em-foco"],"acf":[],"_links":{"self":[{"href":"https:\/\/www.notibras.com\/site\/wp-json\/wp\/v2\/posts\/341568","targetHints":{"allow":["GET"]}}],"collection":[{"href":"https:\/\/www.notibras.com\/site\/wp-json\/wp\/v2\/posts"}],"about":[{"href":"https:\/\/www.notibras.com\/site\/wp-json\/wp\/v2\/types\/post"}],"author":[{"embeddable":true,"href":"https:\/\/www.notibras.com\/site\/wp-json\/wp\/v2\/users\/2"}],"replies":[{"embeddable":true,"href":"https:\/\/www.notibras.com\/site\/wp-json\/wp\/v2\/comments?post=341568"}],"version-history":[{"count":1,"href":"https:\/\/www.notibras.com\/site\/wp-json\/wp\/v2\/posts\/341568\/revisions"}],"predecessor-version":[{"id":341570,"href":"https:\/\/www.notibras.com\/site\/wp-json\/wp\/v2\/posts\/341568\/revisions\/341570"}],"wp:featuredmedia":[{"embeddable":true,"href":"https:\/\/www.notibras.com\/site\/wp-json\/wp\/v2\/media\/341569"}],"wp:attachment":[{"href":"https:\/\/www.notibras.com\/site\/wp-json\/wp\/v2\/media?parent=341568"}],"wp:term":[{"taxonomy":"category","embeddable":true,"href":"https:\/\/www.notibras.com\/site\/wp-json\/wp\/v2\/categories?post=341568"},{"taxonomy":"post_tag","embeddable":true,"href":"https:\/\/www.notibras.com\/site\/wp-json\/wp\/v2\/tags?post=341568"}],"curies":[{"name":"wp","href":"https:\/\/api.w.org\/{rel}","templated":true}]}}