{"id":341574,"date":"2024-11-23T03:46:33","date_gmt":"2024-11-23T06:46:33","guid":{"rendered":"https:\/\/www.notibras.com\/site\/?p=341574"},"modified":"2024-11-23T06:56:16","modified_gmt":"2024-11-23T09:56:16","slug":"carpideiras-ja-ensaiam-ao-vivo-cenario-da-morte-politica-de-bolsonaro","status":"publish","type":"post","link":"https:\/\/www.notibras.com\/site\/carpideiras-ja-ensaiam-ao-vivo-cenario-da-morte-politica-de-bolsonaro\/","title":{"rendered":"Carpideiras j\u00e1 ensaiam ao vivo cen\u00e1rio da morte pol\u00edtica de Bolsonaro"},"content":{"rendered":"<p>Desenham-se antecipadamente em diferentes cidades do pa\u00eds, em especial do N0rdeste, cen\u00e1rios imagin\u00e1rios da pol\u00edtica brasileira. Tudo fruto de rumores de um evento cada vez mais real e dram\u00e1tico: a pris\u00e3o de Jair Bolsonaro. Como em um vel\u00f3rio daqueles que fazem hist\u00f3ria, grupos peculiares s\u00e3o \u2013 as carpideiras.<\/p>\n<p>S\u00e3o as t\u00edpicas senhoras de v\u00e9u negro e solu\u00e7os ensaiados. S\u00e3o as que se vendem ideologicamente. Choram l\u00e1grimas ret\u00f3ricas e se armam de celulares prontos para transmiss\u00f5es ao vivo.<\/p>\n<p>\u00c9 um misto de trag\u00e9dia e com\u00e9dia. As &#8220;enlutadas&#8221; n\u00e3o choram apenas a perda de um l\u00edder; choram o que consideram ser o fim de uma era. H\u00e1 gritos de &#8220;injusti\u00e7a!&#8221;, men\u00e7\u00f5es \u00e0 &#8220;persegui\u00e7\u00e3o pol\u00edtica&#8221; e, claro, teorias conspirat\u00f3rias que unem tudo, do Supremo Tribunal Federal \u00e0 Organiza\u00e7\u00e3o das Na\u00e7\u00f5es Unidas, como uma narrativa de um compl\u00f4 internacional contra o Mito Messias \u2013 em todos os sentidos do nome.<\/p>\n<p>Enquanto isso, um p\u00fablico atento observa de longe, oscilando entre risos ir\u00f4nicos e reflex\u00f5es sombrias. Afinal, se \u00e9 realmente o \u201centerro pol\u00edtico\u201d de Bolsonaro, o que vir\u00e1 depois? O sepultamento de um ciclo ou a germina\u00e7\u00e3o de novas narrativas pol\u00eamicas? O Brasil \u00e9 mestre em reinventar vil\u00f5es e her\u00f3is; talvez o vel\u00f3rio seja s\u00f3 mais um ato no espet\u00e1culo.<\/p>\n<p>E as carpideiras, coitadas, tornam-se s\u00edmbolos involunt\u00e1rios. S\u00e3o a express\u00e3o exagerada de uma paix\u00e3o pol\u00edtica que mistura f\u00e9 cega e desespero teatral. Algumas, talvez, j\u00e1 estejam pensando em abrir uma startup: &#8220;L\u00e1grimas sob Demanda \u2013 Cobertura para todo tipo de esc\u00e2ndalo pol\u00edtico.&#8221; Afinal, na pol\u00edtica brasileira, a demanda nunca seca. E arde como o sol inclemente que faz at\u00e9 pedra transpirar no sert\u00e3o nordestino.<\/p>\n","protected":false},"excerpt":{"rendered":"<p>Desenham-se antecipadamente em diferentes cidades do pa\u00eds, em especial do N0rdeste, cen\u00e1rios imagin\u00e1rios da pol\u00edtica brasileira. Tudo fruto de rumores de um evento cada vez mais real e dram\u00e1tico: a pris\u00e3o de Jair Bolsonaro. Como em um vel\u00f3rio daqueles que fazem hist\u00f3ria, grupos peculiares s\u00e3o \u2013 as carpideiras. S\u00e3o as t\u00edpicas senhoras de v\u00e9u negro [&hellip;]<\/p>\n","protected":false},"author":2,"featured_media":341575,"comment_status":"closed","ping_status":"closed","sticky":false,"template":"","format":"standard","meta":{"_acf_changed":false,"footnotes":""},"categories":[165],"tags":[95],"class_list":["post-341574","post","type-post","status-publish","format-standard","has-post-thumbnail","hentry","category-nordeste","tag-capa"],"acf":[],"_links":{"self":[{"href":"https:\/\/www.notibras.com\/site\/wp-json\/wp\/v2\/posts\/341574","targetHints":{"allow":["GET"]}}],"collection":[{"href":"https:\/\/www.notibras.com\/site\/wp-json\/wp\/v2\/posts"}],"about":[{"href":"https:\/\/www.notibras.com\/site\/wp-json\/wp\/v2\/types\/post"}],"author":[{"embeddable":true,"href":"https:\/\/www.notibras.com\/site\/wp-json\/wp\/v2\/users\/2"}],"replies":[{"embeddable":true,"href":"https:\/\/www.notibras.com\/site\/wp-json\/wp\/v2\/comments?post=341574"}],"version-history":[{"count":3,"href":"https:\/\/www.notibras.com\/site\/wp-json\/wp\/v2\/posts\/341574\/revisions"}],"predecessor-version":[{"id":341578,"href":"https:\/\/www.notibras.com\/site\/wp-json\/wp\/v2\/posts\/341574\/revisions\/341578"}],"wp:featuredmedia":[{"embeddable":true,"href":"https:\/\/www.notibras.com\/site\/wp-json\/wp\/v2\/media\/341575"}],"wp:attachment":[{"href":"https:\/\/www.notibras.com\/site\/wp-json\/wp\/v2\/media?parent=341574"}],"wp:term":[{"taxonomy":"category","embeddable":true,"href":"https:\/\/www.notibras.com\/site\/wp-json\/wp\/v2\/categories?post=341574"},{"taxonomy":"post_tag","embeddable":true,"href":"https:\/\/www.notibras.com\/site\/wp-json\/wp\/v2\/tags?post=341574"}],"curies":[{"name":"wp","href":"https:\/\/api.w.org\/{rel}","templated":true}]}}