{"id":341587,"date":"2024-11-23T00:25:39","date_gmt":"2024-11-23T03:25:39","guid":{"rendered":"https:\/\/www.notibras.com\/site\/?p=341587"},"modified":"2024-11-23T07:29:23","modified_gmt":"2024-11-23T10:29:23","slug":"todos-os-estados-do-nordeste-receberao-mais-unidades-do-minha-casa","status":"publish","type":"post","link":"https:\/\/www.notibras.com\/site\/todos-os-estados-do-nordeste-receberao-mais-unidades-do-minha-casa\/","title":{"rendered":"Todos os Estados do Nordeste receber\u00e3o mais unidades do Minha Casa"},"content":{"rendered":"<p>O governo divulgou as propostas selecionadas para a constru\u00e7\u00e3o de moradias em \u00e1reas urbanas pelo Minha Casa Minha Vida (MCMV), em cidades de at\u00e9 50 mil habitantes. A lista com as propostas selecionadas foi publicada pelo Minist\u00e9rio das Cidades, no \u00a0<a href=\"https:\/\/www.in.gov.br\/en\/web\/dou\/-\/portaria-mcid-n-1.310-de-19-de-novembro-de-2024-597092421\" target=\"_blank\" rel=\"noopener\"><em>Di\u00e1rio Oficial da Uni\u00e3o<\/em><\/a>.<img decoding=\"async\" src=\"https:\/\/agenciabrasil.ebc.com.br\/ebc.png?id=1620961&amp;o=node\" \/><img decoding=\"async\" src=\"https:\/\/agenciabrasil.ebc.com.br\/ebc.gif?id=1620961&amp;o=node\" \/>Todos os Estados nordestinos ser\u00e3o contemplados.<\/p>\n<p>Trata-se da primeira sele\u00e7\u00e3o do MCMV com recursos do Fundo Nacional de Habita\u00e7\u00e3o de Interesse Social com este perfil (FNHIS sub-50). Ser\u00e3o 37.295 unidades habitacionais, em 1.164 cidades, de 26 estados.<\/p>\n<p>A expectativa \u00e9 que cerca de 150 mil pessoas sejam beneficiadas com \u201cmoradia digna para fam\u00edlias de baixa renda, residentes nos pequenos munic\u00edpios brasileiros\u201d, informou o minist\u00e9rio. O investimento, segundo a pasta, ser\u00e1 de R$ 4,85 bilh\u00f5es.<\/p>\n<p>\u201cO foco s\u00e3o munic\u00edpios com popula\u00e7\u00e3o inferior ou igual a 50 mil habitantes. As moradias atendem fam\u00edlias com renda bruta mensal na Faixa Urbano 1 do MCMV, correspondente a at\u00e9 R$ 2.850, admitindo-se o atendimento de renda enquadrada na Faixa Urbano 2 (at\u00e9 R$ 4.700)\u201d, detalhou o minist\u00e9rio.<\/p>\n<p>Entre os crit\u00e9rios adotados para a sele\u00e7\u00e3o dos projetos est\u00e1 o de priorizar propostas que melhor atendam \u00e0 demanda habitacional e observem \u201crequisitos t\u00e9cnicos de desenvolvimento urbano, econ\u00f4mico, social e cultural, sustentabilidade, redu\u00e7\u00e3o de vulnerabilidades e preven\u00e7\u00e3o de riscos de desastres e \u00e0 eleva\u00e7\u00e3o dos padr\u00f5es de habitabilidade, de seguran\u00e7a socioambiental e de qualidade de vida da popula\u00e7\u00e3o que ser\u00e1 beneficiada\u201d.<\/p>\n<p>Com a divulga\u00e7\u00e3o das propostas selecionadas, estados e munic\u00edpios ter\u00e3o de incluir, at\u00e9 10 de dezembro, a proposta selecionada na plataforma Transferegov, programa n\u00ba 5600020240048, de forma a viabilizar a contrata\u00e7\u00e3o pela Caixa Econ\u00f4mica Federal at\u00e9 o final do ano.<\/p>\n","protected":false},"excerpt":{"rendered":"<p>O governo divulgou as propostas selecionadas para a constru\u00e7\u00e3o de moradias em \u00e1reas urbanas pelo Minha Casa Minha Vida (MCMV), em cidades de at\u00e9 50 mil habitantes. A lista com as propostas selecionadas foi publicada pelo Minist\u00e9rio das Cidades, no \u00a0Di\u00e1rio Oficial da Uni\u00e3o.Todos os Estados nordestinos ser\u00e3o contemplados. Trata-se da primeira sele\u00e7\u00e3o do MCMV [&hellip;]<\/p>\n","protected":false},"author":2,"featured_media":341588,"comment_status":"closed","ping_status":"closed","sticky":false,"template":"","format":"standard","meta":{"_acf_changed":false,"footnotes":""},"categories":[165],"tags":[],"class_list":["post-341587","post","type-post","status-publish","format-standard","has-post-thumbnail","hentry","category-nordeste"],"acf":[],"_links":{"self":[{"href":"https:\/\/www.notibras.com\/site\/wp-json\/wp\/v2\/posts\/341587","targetHints":{"allow":["GET"]}}],"collection":[{"href":"https:\/\/www.notibras.com\/site\/wp-json\/wp\/v2\/posts"}],"about":[{"href":"https:\/\/www.notibras.com\/site\/wp-json\/wp\/v2\/types\/post"}],"author":[{"embeddable":true,"href":"https:\/\/www.notibras.com\/site\/wp-json\/wp\/v2\/users\/2"}],"replies":[{"embeddable":true,"href":"https:\/\/www.notibras.com\/site\/wp-json\/wp\/v2\/comments?post=341587"}],"version-history":[{"count":3,"href":"https:\/\/www.notibras.com\/site\/wp-json\/wp\/v2\/posts\/341587\/revisions"}],"predecessor-version":[{"id":341591,"href":"https:\/\/www.notibras.com\/site\/wp-json\/wp\/v2\/posts\/341587\/revisions\/341591"}],"wp:featuredmedia":[{"embeddable":true,"href":"https:\/\/www.notibras.com\/site\/wp-json\/wp\/v2\/media\/341588"}],"wp:attachment":[{"href":"https:\/\/www.notibras.com\/site\/wp-json\/wp\/v2\/media?parent=341587"}],"wp:term":[{"taxonomy":"category","embeddable":true,"href":"https:\/\/www.notibras.com\/site\/wp-json\/wp\/v2\/categories?post=341587"},{"taxonomy":"post_tag","embeddable":true,"href":"https:\/\/www.notibras.com\/site\/wp-json\/wp\/v2\/tags?post=341587"}],"curies":[{"name":"wp","href":"https:\/\/api.w.org\/{rel}","templated":true}]}}