{"id":341637,"date":"2024-11-24T04:30:52","date_gmt":"2024-11-24T07:30:52","guid":{"rendered":"https:\/\/www.notibras.com\/site\/?p=341637"},"modified":"2024-11-23T23:33:04","modified_gmt":"2024-11-24T02:33:04","slug":"feriado-longo-na-vovo-tem-ate-jarro-quebrado","status":"publish","type":"post","link":"https:\/\/www.notibras.com\/site\/feriado-longo-na-vovo-tem-ate-jarro-quebrado\/","title":{"rendered":"Feriado longo na vov\u00f3 tem at\u00e9 jarro quebrado"},"content":{"rendered":"<p>Feriado prolongado. Maria Alice, J\u00falia, Jana\u00edna e Francisco, primos que eram, se encontraram na casa da av\u00f3 materna, famosa pelos quitutes e a macarronada. Nessas ocasi\u00f5es, o divertimento era garantido, ainda mais por conta de Maria Alice, que possu\u00eda a mente f\u00e9rtil. T\u00e3o f\u00e9rtil, que quase sempre conseguia plantar a sementinha das travessuras nas outras crian\u00e7as.<\/p>\n<p>Antes do almo\u00e7o, os meninos resolveram explorar o amplo quintal da resid\u00eancia da matriarca. Subiram e desceram todas as \u00e1rvores do quintal, at\u00e9 mesmo o abacateiro. Nadaram na piscina com o Sult\u00e3o, o grande vira-lata da vov\u00f3. Felizes da vida, brincaram at\u00e9 a fome bater. E bateu forte! Tanto \u00e9 que, assim que ouviram o chamado da velha, correram desembestados para sentar \u00e0 enorme mesa na varanda.<\/p>\n<p>Esfomeada que estava, a molecada raspou o prato, enquanto a av\u00f3 sorria aquele sorriso de satisfeita. Pois \u00e9, a vov\u00f3 continuava com a m\u00e3o boa. Maria Alice, a l\u00edder, foi a primeira a terminar e j\u00e1 lan\u00e7ou aqueles enormes olhos castanhos em dire\u00e7\u00e3o \u00e0 idosa.<\/p>\n<p>\u2014 Tem pudim?<\/p>\n<p>\u2014 Tem, minha flor.<\/p>\n<p>\u2014 Hum!<\/p>\n<p>Aquelas crian\u00e7as pareciam ser sacos sem fundo, at\u00e9 que, de tanto comerem, nem uma azeitona cabia mais. Dessa forma, preferiram passar as pr\u00f3ximas duas horas brincando de ludo no tapete da sala. E foi o que fizeram at\u00e9 que os olhos da Maria Alice brilharam.<\/p>\n<p>\u2014 Que tal brincar de pique-esconde?<\/p>\n<p>Tiraram zerinho ou um. Jana\u00edna perdeu e teve que contar at\u00e9 30 para os primos se esconderem. Procura daqui, procura dali, a menina n\u00e3o conseguia achar ningu\u00e9m. At\u00e9 que ela ouviu um estrondo e correu para tr\u00e1s da casa. L\u00e1 estavam os tr\u00eas primos assustados, pois, sem querer, derrubaram o vaso de flores, que tombou e se espatifou.<\/p>\n<p>J\u00falia, toda chorosa, disse que a vov\u00f3 iria brigar. Francisco, olhos arregalados, parecia ainda mais temeroso de levar uma bronca daquelas. Mas eis que a Maria Alice, no alto da sabedoria dos seus quase 8 anos, proclamou:<\/p>\n<p>\u2014 Vamos colocar a culpa no Sult\u00e3o.<\/p>\n<p>Ningu\u00e9m contestou. Todos decidiram que, caso algu\u00e9m perguntasse, o culpado tinha sido o Sult\u00e3o. Tudo combinado, at\u00e9 que a vov\u00f3 se deparou com o vaso quebrado. Aparentemente, n\u00e3o deu muita bola. Afinal, o que era um vaso diante da alegria de ter os netos em sua resid\u00eancia. Entretanto, por um motivo qualquer, ela chamou o Francisco para conversar.<\/p>\n<p>As tr\u00eas garotas se entreolharam e foram para a varanda. Ansiosas que estavam, finalmente viram o primo saindo com um sorriso no rosto. Isso foi o bastante para a Maria Alice lhe lan\u00e7ar um olhar de desaprova\u00e7\u00e3o e, em seguida, falou para as primas:<\/p>\n<p>\u2014 \u00c9 certo que o Francisco cuspiu os feij\u00f5es.<\/p>\n<p>&#8230;&#8230;&#8230;&#8230;&#8230;&#8230;&#8230;&#8230;&#8230;.<\/p>\n<p><strong>*Eduardo Mart\u00ednez \u00e9 autor do livro \u201c57 Contos e Cr\u00f4nicas por um Autor muito Velho\u201d.<\/strong><\/p>\n<div class=\"mvp-post-soc-in\">\n<div id=\"mvp-content-body\" class=\"left relative\">\n<div id=\"mvp-content-body-top\" class=\"left relative\">\n<div id=\"mvp-content-main\" class=\"left relative\">\n<p>Compre aqui\u00a0<span class=\"x19la9d6 x1fc57z9 x6ikm8r x10wlt62 x19co3pv x1g5zs5t xfibh0p xiy17q3 x1xsqp64 x1lkfr7t xexx8yu x4uap5 x18d9i69 xkhd6sd\"><span class=\"xrtxmta x1bhl96m\"><img decoding=\"async\" class=\"emoji\" role=\"img\" draggable=\"false\" src=\"https:\/\/s.w.org\/images\/core\/emoji\/14.0.0\/svg\/1f447-1f3ff.svg\" alt=\"&#x1f447;&#x1f3ff;\" \/><\/span><\/span><span class=\"x19la9d6 x1fc57z9 x6ikm8r x10wlt62 x19co3pv x1g5zs5t xfibh0p xiy17q3 x1xsqp64 x1lkfr7t xexx8yu x4uap5 x18d9i69 xkhd6sd\"><span class=\"xrtxmta x1bhl96m\"><img decoding=\"async\" class=\"emoji\" role=\"img\" draggable=\"false\" src=\"https:\/\/s.w.org\/images\/core\/emoji\/14.0.0\/svg\/1f447-1f3ff.svg\" alt=\"&#x1f447;&#x1f3ff;\" \/><\/span><\/span><span class=\"x19la9d6 x1fc57z9 x6ikm8r x10wlt62 x19co3pv x1g5zs5t xfibh0p xiy17q3 x1xsqp64 x1lkfr7t xexx8yu x4uap5 x18d9i69 xkhd6sd\"><span class=\"xrtxmta x1bhl96m\"><img decoding=\"async\" class=\"emoji\" role=\"img\" draggable=\"false\" src=\"https:\/\/s.w.org\/images\/core\/emoji\/14.0.0\/svg\/1f447-1f3ff.svg\" alt=\"&#x1f447;&#x1f3ff;\" \/><\/span><\/span><\/p>\n<p><a href=\"http:\/\/www.joanineditora.com.br\/57-contos-e-cronicas-por-um-autor-muito-velho\">http:\/\/www.joanineditora.com.br\/57-contos-e-cronicas-por-um-autor-muito-velho<\/a><\/p>\n<\/div>\n<\/div>\n<\/div>\n<\/div>\n","protected":false},"excerpt":{"rendered":"<p>Feriado prolongado. Maria Alice, J\u00falia, Jana\u00edna e Francisco, primos que eram, se encontraram na casa da av\u00f3 materna, famosa pelos quitutes e a macarronada. Nessas ocasi\u00f5es, o divertimento era garantido, ainda mais por conta de Maria Alice, que possu\u00eda a mente f\u00e9rtil. T\u00e3o f\u00e9rtil, que quase sempre conseguia plantar a sementinha das travessuras nas outras [&hellip;]<\/p>\n","protected":false},"author":2,"featured_media":341638,"comment_status":"closed","ping_status":"closed","sticky":false,"template":"","format":"standard","meta":{"_acf_changed":false,"footnotes":""},"categories":[161],"tags":[],"class_list":["post-341637","post","type-post","status-publish","format-standard","has-post-thumbnail","hentry","category-quadradinho-em-foco"],"acf":[],"_links":{"self":[{"href":"https:\/\/www.notibras.com\/site\/wp-json\/wp\/v2\/posts\/341637","targetHints":{"allow":["GET"]}}],"collection":[{"href":"https:\/\/www.notibras.com\/site\/wp-json\/wp\/v2\/posts"}],"about":[{"href":"https:\/\/www.notibras.com\/site\/wp-json\/wp\/v2\/types\/post"}],"author":[{"embeddable":true,"href":"https:\/\/www.notibras.com\/site\/wp-json\/wp\/v2\/users\/2"}],"replies":[{"embeddable":true,"href":"https:\/\/www.notibras.com\/site\/wp-json\/wp\/v2\/comments?post=341637"}],"version-history":[{"count":2,"href":"https:\/\/www.notibras.com\/site\/wp-json\/wp\/v2\/posts\/341637\/revisions"}],"predecessor-version":[{"id":341640,"href":"https:\/\/www.notibras.com\/site\/wp-json\/wp\/v2\/posts\/341637\/revisions\/341640"}],"wp:featuredmedia":[{"embeddable":true,"href":"https:\/\/www.notibras.com\/site\/wp-json\/wp\/v2\/media\/341638"}],"wp:attachment":[{"href":"https:\/\/www.notibras.com\/site\/wp-json\/wp\/v2\/media?parent=341637"}],"wp:term":[{"taxonomy":"category","embeddable":true,"href":"https:\/\/www.notibras.com\/site\/wp-json\/wp\/v2\/categories?post=341637"},{"taxonomy":"post_tag","embeddable":true,"href":"https:\/\/www.notibras.com\/site\/wp-json\/wp\/v2\/tags?post=341637"}],"curies":[{"name":"wp","href":"https:\/\/api.w.org\/{rel}","templated":true}]}}