{"id":341666,"date":"2024-11-24T08:37:58","date_gmt":"2024-11-24T11:37:58","guid":{"rendered":"https:\/\/www.notibras.com\/site\/?p=341666"},"modified":"2024-11-24T08:39:15","modified_gmt":"2024-11-24T11:39:15","slug":"nordestinos-viram-escravos-de-patroes-ricos-em-versao-contemporanea","status":"publish","type":"post","link":"https:\/\/www.notibras.com\/site\/nordestinos-viram-escravos-de-patroes-ricos-em-versao-contemporanea\/","title":{"rendered":"Nordestinos viram escravos de patr\u00f5es ricos em vers\u00e3o contempor\u00e2nea"},"content":{"rendered":"<p>Durante este m\u00eas da Consci\u00eancia Negra, a Comiss\u00e3o Pastoral da Terra (CPT) realiza a campanha De Olho Aberto para n\u00e3o Virar Escravo, para conscientiza\u00e7\u00e3o sobre a vers\u00e3o contempor\u00e2nea do trabalho an\u00e1logo \u00e0 escravid\u00e3o no pa\u00eds. As v\u00edtimas dessa pr\u00e1tica continuam sendo pretos (16,8%) e pardos (65,8%), ou seja, negros (82,6%).<\/p>\n<p>A predomin\u00e2ncia de negros entre as v\u00edtimas resgatadas teve como base os dados coletados entre 2016 e 2023. Ind\u00edgenas representam 1,4% e amarelos, 0,4%. No per\u00edodo, mais de 12 mil pessoas foram resgatadas em todo o pa\u00eds. Desse total, aproximadamente 3,2 mil v\u00edtimas foram resgatada em a\u00e7\u00f5es coordenadas pelo Minist\u00e9rio do Trabalho e Emprego, com a atua\u00e7\u00e3o de auditores fiscais do trabalho.<\/p>\n<p>Em um recorte sobre o perfil das v\u00edtimas, os dados mostram que a maior parte \u00e9 do g\u00eanero masculino, com baixa escolaridade (34%) \u2013 n\u00e3o haviam completado o 5\u00ba ano \u2013, origin\u00e1rios de estados do Nordeste (53%) e com idade entre 18 a 24 anos.<\/p>\n<p>Os registros da CPT revelam que a cor da pele tamb\u00e9m \u00e9 um fator determinante para tornar algu\u00e9m mais suscet\u00edvel no contexto do trabalho escravo contempor\u00e2neo, mesmo quando se avalia o recorte por g\u00eanero.<\/p>\n<p>Embora as v\u00edtimas mulheres tenham aparecido em menor n\u00famero (972, contra 10.349 homens), as mulheres negras correspondem a quase 80% do grupo (765).<\/p>\n<p>Desde o in\u00edcio da s\u00e9rie hist\u00f3rica, em 1995, a pecu\u00e1ria \u00e9 a atividade que concentra mais casos de trabalho an\u00e1logo \u00e0 escravid\u00e3o, com 2.115 ao todo.<\/p>\n<p>Os dados da pastoral mostram ainda que as lavouras s\u00e3o lugares em que a explora\u00e7\u00e3o ainda se perpetua, somando 910 casos, que incluem os ocorridos em canaviais, assim como as carvoarias (501 casos). A entidade salienta que, na \u00faltima d\u00e9cada, os casos em lavouras come\u00e7aram a desbancar os que ocorreram na pecu\u00e1ria, ultrapassando o total de epis\u00f3dios.<\/p>\n<p>Outro ponto que a campanha tamb\u00e9m destaca \u00e9 a explora\u00e7\u00e3o no ambiente dom\u00e9stico. Um caso que repercutiu foi o de uma mulher que foi v\u00edtima de um casal que a submetia a longas horas de labuta, tanto na resid\u00eancia como na loja do casal, no Br\u00e1s, zona central da capital paulista.<\/p>\n<p>O que especialistas da \u00e1rea ponderam \u00e9 que a fiscaliza\u00e7\u00e3o desse tipo de caso \u00e9 complicada, como \u00e9 tamb\u00e9m o resgate, j\u00e1 que a rela\u00e7\u00e3o entre a v\u00edtima e os patr\u00f5es \u00e9, com frequ\u00eancia, deturpada: para se livrar da Justi\u00e7a, os patr\u00f5es muitas vezes alegam que consideram a v\u00edtima &#8220;uma pessoa da fam\u00edlia&#8221;.<\/p>\n<p><strong>Acolhimento<\/strong><br \/>\nA agente da CPT no Maranh\u00e3o Br\u00edgida Rocha conta que o acolhimento das v\u00edtimas \u00e9 outra finalidade da campanha.<\/p>\n<p>&#8220;N\u00f3s conseguimos elevar essa capacidade de trabalhadores, trabalhadoras e da sociedade de refletirem sobre as causas culturais da escravid\u00e3o e tamb\u00e9m de pensar nas estrat\u00e9gias de combate, a exemplo do que a gente tem feito junto a alguns munic\u00edpios com forte incid\u00eancia do problema, por meio da Rede de A\u00e7\u00e3o Integrada para Combater a Escravid\u00e3o \u2013 o programa Raice\u201d.<\/p>\n","protected":false},"excerpt":{"rendered":"<p>Durante este m\u00eas da Consci\u00eancia Negra, a Comiss\u00e3o Pastoral da Terra (CPT) realiza a campanha De Olho Aberto para n\u00e3o Virar Escravo, para conscientiza\u00e7\u00e3o sobre a vers\u00e3o contempor\u00e2nea do trabalho an\u00e1logo \u00e0 escravid\u00e3o no pa\u00eds. As v\u00edtimas dessa pr\u00e1tica continuam sendo pretos (16,8%) e pardos (65,8%), ou seja, negros (82,6%). A predomin\u00e2ncia de negros entre [&hellip;]<\/p>\n","protected":false},"author":2,"featured_media":341667,"comment_status":"closed","ping_status":"closed","sticky":false,"template":"","format":"standard","meta":{"_acf_changed":false,"footnotes":""},"categories":[165],"tags":[],"class_list":["post-341666","post","type-post","status-publish","format-standard","has-post-thumbnail","hentry","category-nordeste"],"acf":[],"_links":{"self":[{"href":"https:\/\/www.notibras.com\/site\/wp-json\/wp\/v2\/posts\/341666","targetHints":{"allow":["GET"]}}],"collection":[{"href":"https:\/\/www.notibras.com\/site\/wp-json\/wp\/v2\/posts"}],"about":[{"href":"https:\/\/www.notibras.com\/site\/wp-json\/wp\/v2\/types\/post"}],"author":[{"embeddable":true,"href":"https:\/\/www.notibras.com\/site\/wp-json\/wp\/v2\/users\/2"}],"replies":[{"embeddable":true,"href":"https:\/\/www.notibras.com\/site\/wp-json\/wp\/v2\/comments?post=341666"}],"version-history":[{"count":2,"href":"https:\/\/www.notibras.com\/site\/wp-json\/wp\/v2\/posts\/341666\/revisions"}],"predecessor-version":[{"id":341669,"href":"https:\/\/www.notibras.com\/site\/wp-json\/wp\/v2\/posts\/341666\/revisions\/341669"}],"wp:featuredmedia":[{"embeddable":true,"href":"https:\/\/www.notibras.com\/site\/wp-json\/wp\/v2\/media\/341667"}],"wp:attachment":[{"href":"https:\/\/www.notibras.com\/site\/wp-json\/wp\/v2\/media?parent=341666"}],"wp:term":[{"taxonomy":"category","embeddable":true,"href":"https:\/\/www.notibras.com\/site\/wp-json\/wp\/v2\/categories?post=341666"},{"taxonomy":"post_tag","embeddable":true,"href":"https:\/\/www.notibras.com\/site\/wp-json\/wp\/v2\/tags?post=341666"}],"curies":[{"name":"wp","href":"https:\/\/api.w.org\/{rel}","templated":true}]}}