{"id":341687,"date":"2024-11-25T00:46:44","date_gmt":"2024-11-25T03:46:44","guid":{"rendered":"https:\/\/www.notibras.com\/site\/?p=341687"},"modified":"2024-11-25T04:55:08","modified_gmt":"2024-11-25T07:55:08","slug":"atividades-culturais-beneficiam-mais-de-duas-mil-pessoas","status":"publish","type":"post","link":"https:\/\/www.notibras.com\/site\/atividades-culturais-beneficiam-mais-de-duas-mil-pessoas\/","title":{"rendered":"Atividades culturais beneficiam mais de duas mil pessoas"},"content":{"rendered":"<p>Em 2024, no seu 21\u00ba anivers\u00e1rio, o Espa\u00e7o Galp\u00e3o do Riso realizou atividades culturais que impactaram diretamente mais de 2 mil pessoas, entre crian\u00e7as, educadores e artistas. Ao longo do ano, o local manteve seu compromisso com a educa\u00e7\u00e3o e a arte, oferecendo gratuitamente uma s\u00e9rie de a\u00e7\u00f5es art\u00edsticas e pedag\u00f3gicas nas comunidades de Samambaia e Taguatinga, com destaque para a inclus\u00e3o social, a forma\u00e7\u00e3o art\u00edstica e o fortalecimento da cena circense.<\/p>\n<p>Atrav\u00e9s do Projeto Art\u00edstico-Pedag\u00f3gico da Funarte, a comunidade de Samambaia e Regi\u00e3o Administrativa teve acesso a oficinas formativas de circo, canto coral e compostagem org\u00e2nica, al\u00e9m de 16 sess\u00f5es de espet\u00e1culos com media\u00e7\u00e3o pedag\u00f3gica. Todas as sess\u00f5es contaram com interpreta\u00e7\u00e3o em LIBRAS (L\u00edngua Brasileira de Sinais), e duas delas tamb\u00e9m tiveram audiodescri\u00e7\u00e3o.<\/p>\n<p>Essas a\u00e7\u00f5es, desenvolvidas especialmente para crian\u00e7as e adolescentes, tiveram como objetivo promover a integra\u00e7\u00e3o de saberes e a viv\u00eancia art\u00edstica, com um olhar inclusivo e acess\u00edvel para todos os p\u00fablicos.<\/p>\n<p>O Galp\u00e3o do Riso levou suas atividades a 13 escolas p\u00fablicas, abrangendo alunos do Ensino Infantil ao Ensino Fundamental I.<\/p>\n<p>Promovendo a forma\u00e7\u00e3o de milhares de crian\u00e7as, o Galp\u00e3o do Riso contribuiu para a gera\u00e7\u00e3o de empregos e o fortalecimento da economia criativa do Distrito Federal. Foram contratados diretamente 40 profissionais, entre artistas, educadores e t\u00e9cnicos de produ\u00e7\u00e3o cultural. Entre os 21 artistas que participaram das atividades, 14 se apresentaram nos espet\u00e1culos, levando o circo, o teatro e a m\u00fasica para as escolas e para a cidade sat\u00e9lite.<\/p>\n<p>O projeto tamb\u00e9m deu oportunidade a 5 arte-educadores e 12 t\u00e9cnicos de produ\u00e7\u00e3o cultural, profissionais que contribu\u00edram ativamente para o sucesso das a\u00e7\u00f5es pedag\u00f3gicas e culturais realizadas. O espa\u00e7o, que tem sido um ponto de resist\u00eancia da cultura popular, \u00e9 mantido com o apoio do Programa Funarte de A\u00e7\u00f5es Continuadas \u2013 Espa\u00e7os Art\u00edsticos, com a parceria da Administra\u00e7\u00e3o Regional de Samambaia e da Universidade de Bras\u00edlia (UnB).<\/p>\n<p>Segundo a ecopedagoga,Sabrina Falc\u00e3o, os pojetos do Galp\u00e3o do Riso t\u00eam se mostrado uma ferramenta poderosa para sensibilizar e capacitar as novas gera\u00e7\u00f5es a respeito da import\u00e2ncia da sustentabilidade.<\/p>\n<p>&#8220;Trabalhar com educa\u00e7\u00e3o ambiental junto aos estudantes da EC 403, em parceria com o Galp\u00e3o do Riso, tem sido uma grande satisfa\u00e7\u00e3o. H\u00e1 mais de 12 anos me dedico a esse tema com as escolas do Distrito Federal. Uma das bases da sustentabilidade \u00e9 justamente elaborar a\u00e7\u00f5es junto \u00e0 pr\u00f3pria comunidade. Para mim, \u00e9 uma honra exercer esse papel com as crian\u00e7as do meu entorno. Como moradora da quadra, considero fundamental refletirmos sobre como nossa presen\u00e7a e nossas a\u00e7\u00f5es podem impactar positivamente o ambiente onde vivemos. Cada crian\u00e7a daqui pode se enxergar como agente transformador por meio dessa experi\u00eancia&#8221;, explica.<\/p>\n<p>Entre as oficinas realizadas, destacam-se as de t\u00e9cnicas circenses, que proporcionaram \u00e0s crian\u00e7as da Escola Classe 403 de Samambaia a possibilidade de explorar novas linguagens, e a oficina de ecopedagogia e compostagem, que incentivou pr\u00e1ticas sustent\u00e1veis entre os jovens.<\/p>\n<p>Para a atriz e idealizadora do projeto, Paula Sallas, o apoio do Minist\u00e9rio da Cultura e do Governo Federal foi fundamental para a continuidade as a\u00e7\u00f5es do Galp\u00e3o<\/p>\n<p>&#8220;As nossas a\u00e7\u00f5es v\u00e3o muito al\u00e9m da forma\u00e7\u00e3o art\u00edstica, promovemos tamb\u00e9m a cidadania e a inclus\u00e3o. Ao completar 21 anos, o Galp\u00e3o do Riso reafirma seu compromisso com a educa\u00e7\u00e3o, a arte e a transforma\u00e7\u00e3o social. Por meio de suas atividades, nosso espa\u00e7o se consolida como um lugar de resist\u00eancia art\u00edstica, onde a arte \u00e9 utilizada como ferramenta de transforma\u00e7\u00e3o social e valoriza\u00e7\u00e3o da diversidade cultural&#8221;, comemora!<\/p>\n<p>O trabalho desenvolvido ao longo desses anos, no local, tem contribu\u00eddo para a forma\u00e7\u00e3o de novas gera\u00e7\u00f5es de artistas e cidad\u00e3os mais cr\u00edticos, criativos e conscientes de seu papel na sociedade.<\/p>\n","protected":false},"excerpt":{"rendered":"<p>Em 2024, no seu 21\u00ba anivers\u00e1rio, o Espa\u00e7o Galp\u00e3o do Riso realizou atividades culturais que impactaram diretamente mais de 2 mil pessoas, entre crian\u00e7as, educadores e artistas. Ao longo do ano, o local manteve seu compromisso com a educa\u00e7\u00e3o e a arte, oferecendo gratuitamente uma s\u00e9rie de a\u00e7\u00f5es art\u00edsticas e pedag\u00f3gicas nas comunidades de Samambaia [&hellip;]<\/p>\n","protected":false},"author":2,"featured_media":341689,"comment_status":"closed","ping_status":"closed","sticky":false,"template":"","format":"standard","meta":{"_acf_changed":false,"footnotes":""},"categories":[161],"tags":[],"class_list":["post-341687","post","type-post","status-publish","format-standard","has-post-thumbnail","hentry","category-quadradinho-em-foco"],"acf":[],"_links":{"self":[{"href":"https:\/\/www.notibras.com\/site\/wp-json\/wp\/v2\/posts\/341687","targetHints":{"allow":["GET"]}}],"collection":[{"href":"https:\/\/www.notibras.com\/site\/wp-json\/wp\/v2\/posts"}],"about":[{"href":"https:\/\/www.notibras.com\/site\/wp-json\/wp\/v2\/types\/post"}],"author":[{"embeddable":true,"href":"https:\/\/www.notibras.com\/site\/wp-json\/wp\/v2\/users\/2"}],"replies":[{"embeddable":true,"href":"https:\/\/www.notibras.com\/site\/wp-json\/wp\/v2\/comments?post=341687"}],"version-history":[{"count":1,"href":"https:\/\/www.notibras.com\/site\/wp-json\/wp\/v2\/posts\/341687\/revisions"}],"predecessor-version":[{"id":341688,"href":"https:\/\/www.notibras.com\/site\/wp-json\/wp\/v2\/posts\/341687\/revisions\/341688"}],"wp:featuredmedia":[{"embeddable":true,"href":"https:\/\/www.notibras.com\/site\/wp-json\/wp\/v2\/media\/341689"}],"wp:attachment":[{"href":"https:\/\/www.notibras.com\/site\/wp-json\/wp\/v2\/media?parent=341687"}],"wp:term":[{"taxonomy":"category","embeddable":true,"href":"https:\/\/www.notibras.com\/site\/wp-json\/wp\/v2\/categories?post=341687"},{"taxonomy":"post_tag","embeddable":true,"href":"https:\/\/www.notibras.com\/site\/wp-json\/wp\/v2\/tags?post=341687"}],"curies":[{"name":"wp","href":"https:\/\/api.w.org\/{rel}","templated":true}]}}