{"id":341690,"date":"2024-11-25T00:56:59","date_gmt":"2024-11-25T03:56:59","guid":{"rendered":"https:\/\/www.notibras.com\/site\/?p=341690"},"modified":"2024-11-25T05:02:35","modified_gmt":"2024-11-25T08:02:35","slug":"tribunal-de-contas-tera-espaco-exclusivo-para-advogados","status":"publish","type":"post","link":"https:\/\/www.notibras.com\/site\/tribunal-de-contas-tera-espaco-exclusivo-para-advogados\/","title":{"rendered":"Tribunal de Contas ter\u00e1 espa\u00e7o exclusivo para advogados"},"content":{"rendered":"<p>O Tribunal de Contas do Distrito Federal inaugura nesta ter\u00e7a, 26, o Espa\u00e7o Juliano Costa Couto, um ambiente projetado para oferecer suporte aos advogados que atuam nos processos da Corte.<\/p>\n<p>Com instala\u00e7\u00f5es modernas e recursos que visam a facilitar o trabalho dos profissionais da advocacia, o espa\u00e7o presta uma homenagem p\u00f3stuma a Juliano Costa Couto, ex-presidente da Ordem dos Advogados do Brasil \u2013 Seccional do Distrito Federal (OAB\/DF) e ex-servidor da Consultoria Jur\u00eddica do TCDF.<\/p>\n<p>O local foi concebido para proporcionar uma infraestrutura adequada e acolhedora, contando com computadores, \u00e1reas de trabalho privativas e acesso a sistemas internos. Isso permitir\u00e1 que os advogados preparem, consultem e analisem processos com mais conforto e efici\u00eancia.<\/p>\n","protected":false},"excerpt":{"rendered":"<p>O Tribunal de Contas do Distrito Federal inaugura nesta ter\u00e7a, 26, o Espa\u00e7o Juliano Costa Couto, um ambiente projetado para oferecer suporte aos advogados que atuam nos processos da Corte. Com instala\u00e7\u00f5es modernas e recursos que visam a facilitar o trabalho dos profissionais da advocacia, o espa\u00e7o presta uma homenagem p\u00f3stuma a Juliano Costa Couto, [&hellip;]<\/p>\n","protected":false},"author":2,"featured_media":341691,"comment_status":"closed","ping_status":"closed","sticky":false,"template":"","format":"standard","meta":{"_acf_changed":false,"footnotes":""},"categories":[161],"tags":[],"class_list":["post-341690","post","type-post","status-publish","format-standard","has-post-thumbnail","hentry","category-quadradinho-em-foco"],"acf":[],"_links":{"self":[{"href":"https:\/\/www.notibras.com\/site\/wp-json\/wp\/v2\/posts\/341690","targetHints":{"allow":["GET"]}}],"collection":[{"href":"https:\/\/www.notibras.com\/site\/wp-json\/wp\/v2\/posts"}],"about":[{"href":"https:\/\/www.notibras.com\/site\/wp-json\/wp\/v2\/types\/post"}],"author":[{"embeddable":true,"href":"https:\/\/www.notibras.com\/site\/wp-json\/wp\/v2\/users\/2"}],"replies":[{"embeddable":true,"href":"https:\/\/www.notibras.com\/site\/wp-json\/wp\/v2\/comments?post=341690"}],"version-history":[{"count":1,"href":"https:\/\/www.notibras.com\/site\/wp-json\/wp\/v2\/posts\/341690\/revisions"}],"predecessor-version":[{"id":341692,"href":"https:\/\/www.notibras.com\/site\/wp-json\/wp\/v2\/posts\/341690\/revisions\/341692"}],"wp:featuredmedia":[{"embeddable":true,"href":"https:\/\/www.notibras.com\/site\/wp-json\/wp\/v2\/media\/341691"}],"wp:attachment":[{"href":"https:\/\/www.notibras.com\/site\/wp-json\/wp\/v2\/media?parent=341690"}],"wp:term":[{"taxonomy":"category","embeddable":true,"href":"https:\/\/www.notibras.com\/site\/wp-json\/wp\/v2\/categories?post=341690"},{"taxonomy":"post_tag","embeddable":true,"href":"https:\/\/www.notibras.com\/site\/wp-json\/wp\/v2\/tags?post=341690"}],"curies":[{"name":"wp","href":"https:\/\/api.w.org\/{rel}","templated":true}]}}