{"id":341693,"date":"2024-11-25T00:08:26","date_gmt":"2024-11-25T03:08:26","guid":{"rendered":"https:\/\/www.notibras.com\/site\/?p=341693"},"modified":"2024-11-25T05:11:15","modified_gmt":"2024-11-25T08:11:15","slug":"estudantes-plantam-mudas-de-especies-nativas-do-cerrado","status":"publish","type":"post","link":"https:\/\/www.notibras.com\/site\/estudantes-plantam-mudas-de-especies-nativas-do-cerrado\/","title":{"rendered":"Estudantes plantam mudas de esp\u00e9cies nativas do Cerrado"},"content":{"rendered":"<p>A semana marcar\u00e1 a visita de estudantes da rede p\u00fablica de ensino a propriedades rurais do DF com o objetivo de plantar mudas de esp\u00e9cies nativas do Cerrado. A primeira vez foi no \u00faltimo dia 21. Agora est\u00e3o programadas mais duas, que encerram essa a\u00e7\u00e3o de educa\u00e7\u00e3o ambiental denominada Produtor de \u00c1gua Mirim e que foi realizada durante todo o m\u00eas de novembro no \u00e2mbito dos projetos Produtor de \u00c1gua no Descoberto e Produtor de \u00c1gua no Pipiripau.<\/p>\n<p>Ao final, ter\u00e3o sido plantadas 800 mudas de esp\u00e9cies nativas do Cerrado em propriedades rurais que integram os projetos, refor\u00e7ando o papel do bioma na preserva\u00e7\u00e3o dos recursos h\u00eddricos. As mudas que est\u00e3o sendo plantadas nas \u00e1reas de preserva\u00e7\u00e3o e recupera\u00e7\u00e3o foram cedidas pela Embrapa Cerrados.<\/p>\n<p>&#8220;Nosso papel vai al\u00e9m da pesquisa em si. Participar desses movimentos de educa\u00e7\u00e3o e de mobiliza\u00e7\u00e3o junto com os produtores e com as crian\u00e7as \u00e9 fundamental para o sucesso de um programa como esse&#8221;, afirmou a pesquisadora da Embrapa Cerrados, Fabiana Aquino.<\/p>\n<p>Ela explica que, no planejamento do processo de recomposi\u00e7\u00e3o da vegeta\u00e7\u00e3o nativa, s\u00e3o realizadas atividades de coleta de sementes e de produ\u00e7\u00e3o de mudas, que s\u00e3o usadas para o plantio nas \u00e1reas abrangidas pelo programa. Esse trabalho \u00e9 executado pela equipe t\u00e9cnica da Embrapa Cerrados e conta com o apoio do viveiro do centro de pesquisa.<\/p>\n<p>&#8220;Como agora temos mudas excedentes, elas s\u00e3o encaminhadas para os parceiros dos programas Produtor de \u00c1gua do Pipiripau e do Descoberto. Esse recurso tem sido utilizado no programa Produtor de \u00c1gua Mirim como uma estrat\u00e9gia para educar as crian\u00e7as sobre a import\u00e2ncia da preserva\u00e7\u00e3o ambiental&#8221;, contou.<\/p>\n<p>Coordenado pela Ag\u00eancia Reguladora de \u00c1guas, Energia e Saneamento do Distrito Federal (Adasa), o evento envolve a participa\u00e7\u00e3o de diversas institui\u00e7\u00f5es. O Projeto Produtor de \u00c1gua tem como objetivo principal fortalecer as bacias do Alto Descoberto e do Pipiripau como refer\u00eancia em produ\u00e7\u00e3o sustent\u00e1vel de \u00e1gua e alimentos, garantindo a seguran\u00e7a h\u00eddrica e mantendo a voca\u00e7\u00e3o rural da regi\u00e3o.<\/p>\n<p>Os projetos s\u00e3o desenvolvidos no \u00e2mbito do Programa Produtor de \u00c1gua, da Ag\u00eancia Nacional de \u00c1guas (ANA). O Programa conta com uma ampla rede de parceiros e usa o conceito de Pagamento por Servi\u00e7os Ambientais (PSA) como est\u00edmulo para que os produtores invistam no cuidado do trato com as \u00e1guas, recebendo apoio t\u00e9cnico e financeiro para implementa\u00e7\u00e3o de pr\u00e1ticas conservacionistas.<\/p>\n<p><strong>Confira pr\u00f3ximos plantios<\/strong><br \/>\n26\/11 \u2013 Bucanh\u00e3o \u2013 Ch\u00e1cara Sr. Jos\u00e9 Donizete, DF-415<br \/>\n28\/11 \u2013 N\u00facleo Rural Taquara \u2013 Ch\u00e1cara Biofito, Planaltina<\/p>\n","protected":false},"excerpt":{"rendered":"<p>A semana marcar\u00e1 a visita de estudantes da rede p\u00fablica de ensino a propriedades rurais do DF com o objetivo de plantar mudas de esp\u00e9cies nativas do Cerrado. A primeira vez foi no \u00faltimo dia 21. Agora est\u00e3o programadas mais duas, que encerram essa a\u00e7\u00e3o de educa\u00e7\u00e3o ambiental denominada Produtor de \u00c1gua Mirim e que [&hellip;]<\/p>\n","protected":false},"author":2,"featured_media":341694,"comment_status":"closed","ping_status":"closed","sticky":false,"template":"","format":"standard","meta":{"_acf_changed":false,"footnotes":""},"categories":[161],"tags":[],"class_list":["post-341693","post","type-post","status-publish","format-standard","has-post-thumbnail","hentry","category-quadradinho-em-foco"],"acf":[],"_links":{"self":[{"href":"https:\/\/www.notibras.com\/site\/wp-json\/wp\/v2\/posts\/341693","targetHints":{"allow":["GET"]}}],"collection":[{"href":"https:\/\/www.notibras.com\/site\/wp-json\/wp\/v2\/posts"}],"about":[{"href":"https:\/\/www.notibras.com\/site\/wp-json\/wp\/v2\/types\/post"}],"author":[{"embeddable":true,"href":"https:\/\/www.notibras.com\/site\/wp-json\/wp\/v2\/users\/2"}],"replies":[{"embeddable":true,"href":"https:\/\/www.notibras.com\/site\/wp-json\/wp\/v2\/comments?post=341693"}],"version-history":[{"count":1,"href":"https:\/\/www.notibras.com\/site\/wp-json\/wp\/v2\/posts\/341693\/revisions"}],"predecessor-version":[{"id":341695,"href":"https:\/\/www.notibras.com\/site\/wp-json\/wp\/v2\/posts\/341693\/revisions\/341695"}],"wp:featuredmedia":[{"embeddable":true,"href":"https:\/\/www.notibras.com\/site\/wp-json\/wp\/v2\/media\/341694"}],"wp:attachment":[{"href":"https:\/\/www.notibras.com\/site\/wp-json\/wp\/v2\/media?parent=341693"}],"wp:term":[{"taxonomy":"category","embeddable":true,"href":"https:\/\/www.notibras.com\/site\/wp-json\/wp\/v2\/categories?post=341693"},{"taxonomy":"post_tag","embeddable":true,"href":"https:\/\/www.notibras.com\/site\/wp-json\/wp\/v2\/tags?post=341693"}],"curies":[{"name":"wp","href":"https:\/\/api.w.org\/{rel}","templated":true}]}}