{"id":341725,"date":"2024-11-25T00:00:35","date_gmt":"2024-11-25T03:00:35","guid":{"rendered":"https:\/\/www.notibras.com\/site\/?p=341725"},"modified":"2024-11-25T07:11:45","modified_gmt":"2024-11-25T10:11:45","slug":"sete-mil-arvores-e-arbustos-vao-compor-paisagismo-do-novo-viaduto","status":"publish","type":"post","link":"https:\/\/www.notibras.com\/site\/sete-mil-arvores-e-arbustos-vao-compor-paisagismo-do-novo-viaduto\/","title":{"rendered":"Sete mil \u00e1rvores e arbustos v\u00e3o compor paisagismo do novo viaduto"},"content":{"rendered":"<p>O projeto paisag\u00edstico do Viaduto Engenheiro Luiz Carlos Botelho Ferreira, que conecta o Sudoeste ao Parque da Cidade, tem recebido ao longo das \u00faltimas semanas 7 mil mudas de \u00e1rvores, arbustos e palmeiras. Executada pela Companhia Urbanizadora da Nova Capital do Brasil (Novacap), a a\u00e7\u00e3o visa embelezar e atrair biodiversidade \u00e0 regi\u00e3o, por onde trafegam 20 mil motoristas diariamente.<\/p>\n<p>Entre as esp\u00e9cies plantadas est\u00e3o arbustos como jasmim-azul e extremosa-vermelha, \u00e1rvores como ip\u00eas de diferentes tonalidades e jacarand\u00e1s-mimosos, al\u00e9m de palmeiras guariroba e jeriv\u00e1. As mudas s\u00e3o distribu\u00eddas ao longo do trajeto que vai do Instituto M\u00e9dico Legal (IML) \u00e0s proximidades da Quadra 104, no Sudoeste.<\/p>\n<p>\u201cA reposi\u00e7\u00e3o foi tr\u00eas vezes maior do que o n\u00famero de \u00e1rvores removidas durante as obras. Nosso objetivo \u00e9 criar um conjunto harm\u00f4nico que valorize a regi\u00e3o\u201d, destaca Raimundo Silva, diretor de Cidades da Novacap.<\/p>\n<p>Al\u00e9m das novas esp\u00e9cies, outras 40 \u00e1rvores j\u00e1 existentes no per\u00edmetro foram preservadas, o que refor\u00e7a o compromisso do projeto com o meio ambiente. Segundo a Novacap, o investimento de R$ 878 mil garantiu a escolha de esp\u00e9cies que demandam pouca manuten\u00e7\u00e3o, mas ao mesmo tempo s\u00e3o fundamentais para atrair aves e enriquecer a biodiversidade local.<\/p>\n<p>\u201cO projeto interliga \u00e1reas verdes importantes, como o Parque da Cidade e o corredor da EPTG, proporcionando uma harmoniza\u00e7\u00e3o paisag\u00edstica e criando um elo com toda a cidade\u201d, explica Silva.<\/p>\n<p>A manuten\u00e7\u00e3o inicial ser\u00e1 executada pela empresa contratada por 90 dias. Ap\u00f3s esse per\u00edodo, a Novacap assumir\u00e1 a responsabilidade pelo cuidado das \u00e1reas verdes.<\/p>\n","protected":false},"excerpt":{"rendered":"<p>O projeto paisag\u00edstico do Viaduto Engenheiro Luiz Carlos Botelho Ferreira, que conecta o Sudoeste ao Parque da Cidade, tem recebido ao longo das \u00faltimas semanas 7 mil mudas de \u00e1rvores, arbustos e palmeiras. Executada pela Companhia Urbanizadora da Nova Capital do Brasil (Novacap), a a\u00e7\u00e3o visa embelezar e atrair biodiversidade \u00e0 regi\u00e3o, por onde trafegam [&hellip;]<\/p>\n","protected":false},"author":2,"featured_media":341726,"comment_status":"closed","ping_status":"closed","sticky":false,"template":"","format":"standard","meta":{"_acf_changed":false,"footnotes":""},"categories":[161],"tags":[],"class_list":["post-341725","post","type-post","status-publish","format-standard","has-post-thumbnail","hentry","category-quadradinho-em-foco"],"acf":[],"_links":{"self":[{"href":"https:\/\/www.notibras.com\/site\/wp-json\/wp\/v2\/posts\/341725","targetHints":{"allow":["GET"]}}],"collection":[{"href":"https:\/\/www.notibras.com\/site\/wp-json\/wp\/v2\/posts"}],"about":[{"href":"https:\/\/www.notibras.com\/site\/wp-json\/wp\/v2\/types\/post"}],"author":[{"embeddable":true,"href":"https:\/\/www.notibras.com\/site\/wp-json\/wp\/v2\/users\/2"}],"replies":[{"embeddable":true,"href":"https:\/\/www.notibras.com\/site\/wp-json\/wp\/v2\/comments?post=341725"}],"version-history":[{"count":1,"href":"https:\/\/www.notibras.com\/site\/wp-json\/wp\/v2\/posts\/341725\/revisions"}],"predecessor-version":[{"id":341727,"href":"https:\/\/www.notibras.com\/site\/wp-json\/wp\/v2\/posts\/341725\/revisions\/341727"}],"wp:featuredmedia":[{"embeddable":true,"href":"https:\/\/www.notibras.com\/site\/wp-json\/wp\/v2\/media\/341726"}],"wp:attachment":[{"href":"https:\/\/www.notibras.com\/site\/wp-json\/wp\/v2\/media?parent=341725"}],"wp:term":[{"taxonomy":"category","embeddable":true,"href":"https:\/\/www.notibras.com\/site\/wp-json\/wp\/v2\/categories?post=341725"},{"taxonomy":"post_tag","embeddable":true,"href":"https:\/\/www.notibras.com\/site\/wp-json\/wp\/v2\/tags?post=341725"}],"curies":[{"name":"wp","href":"https:\/\/api.w.org\/{rel}","templated":true}]}}