{"id":341747,"date":"2024-11-25T00:00:26","date_gmt":"2024-11-25T03:00:26","guid":{"rendered":"https:\/\/www.notibras.com\/site\/?p=341747"},"modified":"2024-11-25T10:05:40","modified_gmt":"2024-11-25T13:05:40","slug":"acidente-com-onibus-deixa-17-mortos-na-serra-da-barriga","status":"publish","type":"post","link":"https:\/\/www.notibras.com\/site\/acidente-com-onibus-deixa-17-mortos-na-serra-da-barriga\/","title":{"rendered":"Acidente com \u00f4nibus deixa 17 mortos na Serra da Barriga"},"content":{"rendered":"<p>Um \u00f4nibus que transportava moradores da Serra da Barriga, em Uni\u00e3o dos Palmares (AL), at\u00e9 o Parque Memorial Quilombo dos Palmares capotou nesse domingo (24) e caiu numa ribanceira, deixando 17 mortos e 29 feridos \u2013 incluindo crian\u00e7as e adolescentes.<\/p>\n<p>De acordo com o Servi\u00e7o de Atendimento M\u00f3vel de Urg\u00eancia (Samu), 16 pessoas tiveram morte declarada no local do acidente, enquanto uma gestante foi encaminhada o Hospital Regional da Mata, mas n\u00e3o resistiu aos ferimentos.<\/p>\n<p>Em nota, o governador de Alagoas, Paulo Dantas, lamentou a trag\u00e9dia e decretou luto oficial de tr\u00eas dias. \u201cRecebi com extrema tristeza a not\u00edcia da trag\u00e9dia ocorrida em Uni\u00e3o dos Palmares, que tirou vidas e deixou muitas pessoas feridas\u201d.<\/p>\n<p>\u201cDeterminei a total mobiliza\u00e7\u00e3o do estado, com equipes do Corpo de Bombeiros, Samu e toda a estrutura de sa\u00fade atuando no socorro \u00e0s v\u00edtimas, que j\u00e1 est\u00e3o sendo atendidas nas unidades de sa\u00fade do estado, em Macei\u00f3 e Uni\u00e3o dos Palmares.\u201d<\/p>\n<p><strong>Aulas suspensas<\/strong><br \/>\nEm raz\u00e3o do acidente, a Secretaria de Educa\u00e7\u00e3o de Alagoas suspendeu as aulas das escolas da rede estadual de Uni\u00e3o dos Palmares nesta segunda-feira (25). As atividades na sede da 7\u00aa Ger\u00eancia Especial de Educa\u00e7\u00e3o tamb\u00e9m est\u00e3o suspensas.<\/p>\n<p><strong>Investiga\u00e7\u00e3o<\/strong><br \/>\nA Pol\u00edcia Civil de Alagoas abriu inqu\u00e9rito para investigar o ocorrido. A Delegacia Regional de Uni\u00e3o dos Palmares ficou respons\u00e1vel pelo procedimento policial, sob o comando do delegado Guilherme Iusten.<\/p>\n<p>O delegado-geral da Pol\u00edcia Civil, Gustavo Xavier, e o secret\u00e1rio de Seguran\u00e7a P\u00fablica de Alagoas, Fl\u00e1vio Saraiva, determinaram celeridade no processo investigativo.<\/p>\n<p><strong>For\u00e7a-tarefa<\/strong><br \/>\nA Pol\u00edcia Cient\u00edfica de Alagoas informou que iniciou uma for\u00e7a-tarefa para identificar e liberar os corpos das v\u00edtimas do acidente. \u201cAssim que o acidente foi confirmado, equipes do Instituto de Criminal\u00edstica de Macei\u00f3 se deslocaram at\u00e9 Uni\u00e3o dos Palmares para realizar a per\u00edcia no local\u201d.<\/p>\n<p>De acordo com a corpora\u00e7\u00e3o, todos os corpos ser\u00e3o encaminhados ao Instituto M\u00e9dico-Legal Est\u00e1cio de Lima para exames cadav\u00e9ricos e identifica\u00e7\u00e3o oficial. Tr\u00eas viaturas foram disponibilizadas para trasladar os corpos at\u00e9 o local.<\/p>\n<p>\u201cOs levantamentos iniciais feitos pelos peritos criminais e auxiliares de per\u00edcia ser\u00e3o determinantes para concluir o laudo, que dever\u00e1 apontar as poss\u00edveis causas da trag\u00e9dia.\u201d<\/p>\n","protected":false},"excerpt":{"rendered":"<p>Um \u00f4nibus que transportava moradores da Serra da Barriga, em Uni\u00e3o dos Palmares (AL), at\u00e9 o Parque Memorial Quilombo dos Palmares capotou nesse domingo (24) e caiu numa ribanceira, deixando 17 mortos e 29 feridos \u2013 incluindo crian\u00e7as e adolescentes. De acordo com o Servi\u00e7o de Atendimento M\u00f3vel de Urg\u00eancia (Samu), 16 pessoas tiveram morte [&hellip;]<\/p>\n","protected":false},"author":2,"featured_media":341748,"comment_status":"closed","ping_status":"closed","sticky":false,"template":"","format":"standard","meta":{"_acf_changed":false,"footnotes":""},"categories":[165],"tags":[],"class_list":["post-341747","post","type-post","status-publish","format-standard","has-post-thumbnail","hentry","category-nordeste"],"acf":[],"_links":{"self":[{"href":"https:\/\/www.notibras.com\/site\/wp-json\/wp\/v2\/posts\/341747","targetHints":{"allow":["GET"]}}],"collection":[{"href":"https:\/\/www.notibras.com\/site\/wp-json\/wp\/v2\/posts"}],"about":[{"href":"https:\/\/www.notibras.com\/site\/wp-json\/wp\/v2\/types\/post"}],"author":[{"embeddable":true,"href":"https:\/\/www.notibras.com\/site\/wp-json\/wp\/v2\/users\/2"}],"replies":[{"embeddable":true,"href":"https:\/\/www.notibras.com\/site\/wp-json\/wp\/v2\/comments?post=341747"}],"version-history":[{"count":1,"href":"https:\/\/www.notibras.com\/site\/wp-json\/wp\/v2\/posts\/341747\/revisions"}],"predecessor-version":[{"id":341749,"href":"https:\/\/www.notibras.com\/site\/wp-json\/wp\/v2\/posts\/341747\/revisions\/341749"}],"wp:featuredmedia":[{"embeddable":true,"href":"https:\/\/www.notibras.com\/site\/wp-json\/wp\/v2\/media\/341748"}],"wp:attachment":[{"href":"https:\/\/www.notibras.com\/site\/wp-json\/wp\/v2\/media?parent=341747"}],"wp:term":[{"taxonomy":"category","embeddable":true,"href":"https:\/\/www.notibras.com\/site\/wp-json\/wp\/v2\/categories?post=341747"},{"taxonomy":"post_tag","embeddable":true,"href":"https:\/\/www.notibras.com\/site\/wp-json\/wp\/v2\/tags?post=341747"}],"curies":[{"name":"wp","href":"https:\/\/api.w.org\/{rel}","templated":true}]}}