{"id":341766,"date":"2024-11-26T07:52:10","date_gmt":"2024-11-26T10:52:10","guid":{"rendered":"https:\/\/www.notibras.com\/site\/?p=341766"},"modified":"2024-11-26T07:52:10","modified_gmt":"2024-11-26T10:52:10","slug":"supremo-tira-poderes-de-ibaneis-com-intervencao-branca-em-nomeacoes","status":"publish","type":"post","link":"https:\/\/www.notibras.com\/site\/supremo-tira-poderes-de-ibaneis-com-intervencao-branca-em-nomeacoes\/","title":{"rendered":"Supremo tira poderes de Ibaneis com interven\u00e7\u00e3o branca em nomea\u00e7\u00f5es"},"content":{"rendered":"<p>A recente decis\u00e3o do Supremo Tribunal Federal (STF) de negar ao governador do Distrito Federal, Ibaneis Rocha, a prerrogativa de nomear o Procurador-geral de Justi\u00e7a do Minist\u00e9rio P\u00fablico do Distrito Federal e Territ\u00f3rios (MPDFT) reacende o debate sobre a autonomia do Distrito Federal e seus limites institucionais. A mesma decis\u00e3o refor\u00e7ou que o ocupante do Pal\u00e1cio do Buriti tamb\u00e9m n\u00e3o pode influir na nomea\u00e7\u00e3o de membros do Tribunal de Justi\u00e7a ou da Defensoria P\u00fablica, em contraste com o que ocorre nos estados brasileiros.<\/p>\n<p>Embora o Distrito Federal acumule compet\u00eancias t\u00edpicas de estados e munic\u00edpios, sua autonomia tem sido reduzida em temas que impactam diretamente a gest\u00e3o local. A nomea\u00e7\u00e3o do Procurador-geral de Justi\u00e7a pelo presidente da Rep\u00fablica, por exemplo, cria um distanciamento administrativo, deixando o MPDFT mais sujeito a interesses federais do que \u00e0s realidades locais. Essa peculiaridade contrasta com a pr\u00e1tica nos estados, onde os governadores escolhem os chefes do Minist\u00e9rio P\u00fablico com base em uma lista tr\u00edplice, garantindo maior proximidade com as demandas regionais.<\/p>\n<p>Se o Distrito Federal \u00e9 compar\u00e1vel a um estado em atribui\u00e7\u00f5es, por que o tratamento diferenciado? A atual configura\u00e7\u00e3o refor\u00e7a uma hierarquia desnecess\u00e1ria, colocando o MPDFT, o Tribunal de Justi\u00e7a e a Defensoria P\u00fablica em um contexto de depend\u00eancia federal, mesmo quando suas a\u00e7\u00f5es s\u00e3o predominantemente locais. A possibilidade de o governador nomear esses cargos n\u00e3o seria uma concess\u00e3o, mas sim uma adequa\u00e7\u00e3o ao princ\u00edpio federativo, que valoriza a autonomia regional.<\/p>\n<p>A escolha do Procurador-geral de Justi\u00e7a do Distrito Federal e Territ\u00f3rios pelo chefe do Executivo distrital poderia fortalecer o alinhamento institucional entre as prioridades do governo local e a atua\u00e7\u00e3o do MPDFT. Isso n\u00e3o implica comprometimento da independ\u00eancia do Minist\u00e9rio P\u00fablico, mas sim um ajuste para que ele reflita de maneira mais eficaz as necessidades da sociedade do Distrito Federal, que tem especificidades distintas das demais unidades federativas.<\/p>\n<p>Esse debate n\u00e3o \u00e9 sobre poder pelo poder, mas sobre efici\u00eancia e representatividade. N\u00e3o h\u00e1 raz\u00e3o para que o Distrito Federal seja tratado como uma exce\u00e7\u00e3o quando o tema \u00e9 autonomia administrativa e pol\u00edtica. Ajustar as regras de nomea\u00e7\u00e3o desses cargos seria um avan\u00e7o, n\u00e3o apenas jur\u00eddico, mas tamb\u00e9m democr\u00e1tico, aproximando as decis\u00f5es institucionais das realidades locais.<\/p>\n","protected":false},"excerpt":{"rendered":"<p>A recente decis\u00e3o do Supremo Tribunal Federal (STF) de negar ao governador do Distrito Federal, Ibaneis Rocha, a prerrogativa de nomear o Procurador-geral de Justi\u00e7a do Minist\u00e9rio P\u00fablico do Distrito Federal e Territ\u00f3rios (MPDFT) reacende o debate sobre a autonomia do Distrito Federal e seus limites institucionais. A mesma decis\u00e3o refor\u00e7ou que o ocupante do [&hellip;]<\/p>\n","protected":false},"author":2,"featured_media":270139,"comment_status":"closed","ping_status":"closed","sticky":false,"template":"","format":"standard","meta":{"_acf_changed":false,"footnotes":""},"categories":[161],"tags":[],"class_list":["post-341766","post","type-post","status-publish","format-standard","has-post-thumbnail","hentry","category-quadradinho-em-foco"],"acf":[],"_links":{"self":[{"href":"https:\/\/www.notibras.com\/site\/wp-json\/wp\/v2\/posts\/341766","targetHints":{"allow":["GET"]}}],"collection":[{"href":"https:\/\/www.notibras.com\/site\/wp-json\/wp\/v2\/posts"}],"about":[{"href":"https:\/\/www.notibras.com\/site\/wp-json\/wp\/v2\/types\/post"}],"author":[{"embeddable":true,"href":"https:\/\/www.notibras.com\/site\/wp-json\/wp\/v2\/users\/2"}],"replies":[{"embeddable":true,"href":"https:\/\/www.notibras.com\/site\/wp-json\/wp\/v2\/comments?post=341766"}],"version-history":[{"count":1,"href":"https:\/\/www.notibras.com\/site\/wp-json\/wp\/v2\/posts\/341766\/revisions"}],"predecessor-version":[{"id":341767,"href":"https:\/\/www.notibras.com\/site\/wp-json\/wp\/v2\/posts\/341766\/revisions\/341767"}],"wp:featuredmedia":[{"embeddable":true,"href":"https:\/\/www.notibras.com\/site\/wp-json\/wp\/v2\/media\/270139"}],"wp:attachment":[{"href":"https:\/\/www.notibras.com\/site\/wp-json\/wp\/v2\/media?parent=341766"}],"wp:term":[{"taxonomy":"category","embeddable":true,"href":"https:\/\/www.notibras.com\/site\/wp-json\/wp\/v2\/categories?post=341766"},{"taxonomy":"post_tag","embeddable":true,"href":"https:\/\/www.notibras.com\/site\/wp-json\/wp\/v2\/tags?post=341766"}],"curies":[{"name":"wp","href":"https:\/\/api.w.org\/{rel}","templated":true}]}}