{"id":341768,"date":"2024-11-26T07:47:14","date_gmt":"2024-11-26T10:47:14","guid":{"rendered":"https:\/\/www.notibras.com\/site\/?p=341768"},"modified":"2024-11-26T08:03:15","modified_gmt":"2024-11-26T11:03:15","slug":"dona-irene-manda-apostar-na-fe-e-a-ponte-do-adeus-fica-para-tras","status":"publish","type":"post","link":"https:\/\/www.notibras.com\/site\/dona-irene-manda-apostar-na-fe-e-a-ponte-do-adeus-fica-para-tras\/","title":{"rendered":"Dona Irene manda apostar na f\u00e9 e a Ponte do Adeus fica para tr\u00e1s"},"content":{"rendered":"<p>H\u00e1 alguns anos, a minha mulher e eu tivemos uma pequena fazenda no interior de Goi\u00e1s, onde pass\u00e1vamos v\u00e1rios finais de semana e feriados curtindo a natureza e os animais que cri\u00e1vamos. Foi uma \u00e9poca muito aventureira, onde passamos por cada situa\u00e7\u00e3o, que eu teria que montar um cat\u00e1logo apenas para contar todos os acontecimentos. Mas, enquanto isso n\u00e3o acontece, aqui vai uma hist\u00f3ria bem curiosa.<\/p>\n<p>Pois bem, l\u00e1 est\u00e1vamos a Dona Irene e eu retornando de mais um tempo na ro\u00e7a. Nessa \u00e9poca t\u00ednhamos uma camionete bem velha, que cham\u00e1vamos de Manoelito. J\u00e1 era noite, quando percebemos um enorme engarrafamento na estrada, que depois soubemos tinha sido provocado por um acidente. A minha mulher, esperta como ela s\u00f3, observou que logo ali muitos ve\u00edculos estavam tomando um desvio de terra para fugir do tr\u00e2nsito completamente parado.<\/p>\n<p>Criamos coragem e seguimos o fluxo, mesmo n\u00e3o tendo certeza para onde aquilo iria nos levar, ainda mais porque tudo logo ficou muito escuro, e uma chuva relativamente forte s\u00f3 piorou a situa\u00e7\u00e3o. Mas continuamos firmes, j\u00e1 que, apesar de velho, o Manoelito possu\u00eda tra\u00e7\u00e3o nas quatro rodas e era bem confi\u00e1vel, ainda mais em estrada de ch\u00e3o. Est\u00e1vamos muito mais preparados para aquele desafio do que aqueles carros de passeio que acompanh\u00e1vamos.<\/p>\n<p>Apesar dos solavancos, \u00edamos resistindo bravamente, at\u00e9 que percebemos um pequeno engarrafamento \u00e0 nossa frente. Todavia, aos poucos, os ve\u00edculos voltaram a se mover, mas n\u00e3o com a velocidade de antes. \u00c9 que havia uma ponte, ali\u00e1s, ponte \u00e9 uma maneira meio imprecisa de nomear aquele pequeno amontoado de madeiras sobrepostas sobre um riacho que ficava a mais ou menos tr\u00eas metros da pista. Seja como for, todos os ve\u00edculos, um a um, haviam conseguido transpor aquele perigo, que, no nosso caso, nos parecia muito maior, haja vista o Manoelito pesar quase o dobro daqueles autom\u00f3veis. Isso me fez parar diante daquela tal ponte, onde tive que verificar se as rodas da camionete estavam mesmo alinhadas com as madeiras, pois, caso n\u00e3o estivessem, a queda seria certa.<\/p>\n<p>Tudo parecia certo quando, de repente, ou\u00e7o a porta da Dona Irene se abrir e a vejo descendo do Manoelito. Ela simplesmente olhou para mim e disse:<\/p>\n<p>\u2014 V\u00e1 na f\u00e9!<\/p>\n<p>A minha esposa conseguiu atravessar a p\u00e9 a tal ponte e, toda confiante como aqueles caras com aquelas bandeirinhas nos aeroportos orientando os avi\u00f5es, me mandava atravessar. N\u00e3o sei como consegui, mas o Manoelito transp\u00f4s aquele obst\u00e1culo, mesmo que as madeiras rangessem mais que cachorro bravo.<\/p>\n<p>A Dona Irene, toda molhada por conta da chuva, abriu a porta e voltou a se sentar ao meu lado e me deu um doce beijo na boca. Nem sei se aquela pinguela tinha nome, mas ela a batizou de Ponte do Adeus.<\/p>\n<p>&#8230;&#8230;&#8230;&#8230;&#8230;&#8230;&#8230;&#8230;&#8230;&#8230;&#8230;&#8230;&#8230;&#8230;&#8230;..<\/p>\n<p><strong>*Eduardo Mart\u00ednez \u00e9 autor do livro \u201c57 Contos e Cr\u00f4nicas por um Autor muito Velho\u201d.<\/strong><\/p>\n<div class=\"mvp-post-soc-in\">\n<div id=\"mvp-content-body\" class=\"left relative\">\n<div id=\"mvp-content-body-top\" class=\"left relative\">\n<div id=\"mvp-content-main\" class=\"left relative\">\n<p>Compre aqui\u00a0<span class=\"x19la9d6 x1fc57z9 x6ikm8r x10wlt62 x19co3pv x1g5zs5t xfibh0p xiy17q3 x1xsqp64 x1lkfr7t xexx8yu x4uap5 x18d9i69 xkhd6sd\"><span class=\"xrtxmta x1bhl96m\"><img decoding=\"async\" class=\"emoji\" role=\"img\" draggable=\"false\" src=\"https:\/\/s.w.org\/images\/core\/emoji\/14.0.0\/svg\/1f447-1f3ff.svg\" alt=\"&#x1f447;&#x1f3ff;\" \/><\/span><\/span><span class=\"x19la9d6 x1fc57z9 x6ikm8r x10wlt62 x19co3pv x1g5zs5t xfibh0p xiy17q3 x1xsqp64 x1lkfr7t xexx8yu x4uap5 x18d9i69 xkhd6sd\"><span class=\"xrtxmta x1bhl96m\"><img decoding=\"async\" class=\"emoji\" role=\"img\" draggable=\"false\" src=\"https:\/\/s.w.org\/images\/core\/emoji\/14.0.0\/svg\/1f447-1f3ff.svg\" alt=\"&#x1f447;&#x1f3ff;\" \/><\/span><\/span><span class=\"x19la9d6 x1fc57z9 x6ikm8r x10wlt62 x19co3pv x1g5zs5t xfibh0p xiy17q3 x1xsqp64 x1lkfr7t xexx8yu x4uap5 x18d9i69 xkhd6sd\"><span class=\"xrtxmta x1bhl96m\"><img decoding=\"async\" class=\"emoji\" role=\"img\" draggable=\"false\" src=\"https:\/\/s.w.org\/images\/core\/emoji\/14.0.0\/svg\/1f447-1f3ff.svg\" alt=\"&#x1f447;&#x1f3ff;\" \/><\/span><\/span><\/p>\n<p><a href=\"http:\/\/www.joanineditora.com.br\/57-contos-e-cronicas-por-um-autor-muito-velho\">http:\/\/www.joanineditora.com.br\/57-contos-e-cronicas-por-um-autor-muito-velho<\/a><\/p>\n<\/div>\n<\/div>\n<\/div>\n<\/div>\n","protected":false},"excerpt":{"rendered":"<p>H\u00e1 alguns anos, a minha mulher e eu tivemos uma pequena fazenda no interior de Goi\u00e1s, onde pass\u00e1vamos v\u00e1rios finais de semana e feriados curtindo a natureza e os animais que cri\u00e1vamos. Foi uma \u00e9poca muito aventureira, onde passamos por cada situa\u00e7\u00e3o, que eu teria que montar um cat\u00e1logo apenas para contar todos os acontecimentos. [&hellip;]<\/p>\n","protected":false},"author":2,"featured_media":341769,"comment_status":"closed","ping_status":"closed","sticky":false,"template":"","format":"standard","meta":{"_acf_changed":false,"footnotes":""},"categories":[161],"tags":[],"class_list":["post-341768","post","type-post","status-publish","format-standard","has-post-thumbnail","hentry","category-quadradinho-em-foco"],"acf":[],"_links":{"self":[{"href":"https:\/\/www.notibras.com\/site\/wp-json\/wp\/v2\/posts\/341768","targetHints":{"allow":["GET"]}}],"collection":[{"href":"https:\/\/www.notibras.com\/site\/wp-json\/wp\/v2\/posts"}],"about":[{"href":"https:\/\/www.notibras.com\/site\/wp-json\/wp\/v2\/types\/post"}],"author":[{"embeddable":true,"href":"https:\/\/www.notibras.com\/site\/wp-json\/wp\/v2\/users\/2"}],"replies":[{"embeddable":true,"href":"https:\/\/www.notibras.com\/site\/wp-json\/wp\/v2\/comments?post=341768"}],"version-history":[{"count":3,"href":"https:\/\/www.notibras.com\/site\/wp-json\/wp\/v2\/posts\/341768\/revisions"}],"predecessor-version":[{"id":341772,"href":"https:\/\/www.notibras.com\/site\/wp-json\/wp\/v2\/posts\/341768\/revisions\/341772"}],"wp:featuredmedia":[{"embeddable":true,"href":"https:\/\/www.notibras.com\/site\/wp-json\/wp\/v2\/media\/341769"}],"wp:attachment":[{"href":"https:\/\/www.notibras.com\/site\/wp-json\/wp\/v2\/media?parent=341768"}],"wp:term":[{"taxonomy":"category","embeddable":true,"href":"https:\/\/www.notibras.com\/site\/wp-json\/wp\/v2\/categories?post=341768"},{"taxonomy":"post_tag","embeddable":true,"href":"https:\/\/www.notibras.com\/site\/wp-json\/wp\/v2\/tags?post=341768"}],"curies":[{"name":"wp","href":"https:\/\/api.w.org\/{rel}","templated":true}]}}