{"id":341775,"date":"2024-11-26T00:58:08","date_gmt":"2024-11-26T03:58:08","guid":{"rendered":"https:\/\/www.notibras.com\/site\/?p=341775"},"modified":"2024-11-26T10:00:48","modified_gmt":"2024-11-26T13:00:48","slug":"embrapa-cerrados-promove-curso-de-producao-de-maracujas","status":"publish","type":"post","link":"https:\/\/www.notibras.com\/site\/embrapa-cerrados-promove-curso-de-producao-de-maracujas\/","title":{"rendered":"Embrapa Cerrados promove curso de produ\u00e7\u00e3o de maracuj\u00e1s"},"content":{"rendered":"<p>A Embrapa est\u00e1 oferecendo na plataforma e-Campo o Minicurso Fruticultura Tropical &#8211; Avan\u00e7os na propaga\u00e7\u00e3o dos maracuj\u00e1s, desenvolvido pela Embrapa Cerrados. Destinado a produtores de mudas, estudantes de gradua\u00e7\u00e3o e p\u00f3s-gradua\u00e7\u00e3o, professores, t\u00e9cnicos, pesquisadores, gestores e empreendedores, o minicurso on-line, ministrado pelo pesquisador F\u00e1bio Faleiro, apresenta informa\u00e7\u00f5es b\u00e1sicas e os avan\u00e7os das pesquisas sobre os tipos de propaga\u00e7\u00e3o e sua import\u00e2ncia para o uso diversificado dos maracuj\u00e1s azedos, doces, silvestres e ornamentais.<\/p>\n<p>Os participantes v\u00e3o aprender sobre os tipos de propaga\u00e7\u00e3o dos maracuj\u00e1s (por sementes, por estaquia e por enxertia); os princ\u00edpios do uso da enxertia para controle de doen\u00e7as; a import\u00e2ncia da produ\u00e7\u00e3o de mudas em ambientes protegidos; e a aplica\u00e7\u00e3o da cultura de tecidos na propaga\u00e7\u00e3o dos maracuj\u00e1s. O conte\u00fado \u00e9 estruturado em m\u00f3dulo \u00fanico, com palestra t\u00e9cnica em v\u00eddeo, slides da apresenta\u00e7\u00e3o em PDF e links para leitura e download da bibliografia recomendada.<\/p>\n<p>O minicurso tem carga hor\u00e1ria de sete horas, \u00e9 gratuito e autoinstrucional (sem tutoria), podendo ser feito em qualquer dia e hor\u00e1rio. Por ser uma capacita\u00e7\u00e3o de oferta cont\u00ednua, o participante ter\u00e1 acesso ao curso por tempo indeterminado, mas os organizadores sugerem que ela seja conclu\u00edda em at\u00e9 30 dias para uma maior efetividade da aprendizagem.<\/p>\n<p>Ao realizar o minicurso, o aluno que obtiver 70% dos pontos no conjunto de atividades obrigat\u00f3rias em at\u00e9 30 dias e preencher a avalia\u00e7\u00e3o de satisfa\u00e7\u00e3o e o perfil do participante receber\u00e1, gratuitamente, um certificado de conclus\u00e3o assinado pela Embrapa. A emiss\u00e3o do certificado estar\u00e1 dispon\u00edvel somente se a nota m\u00ednima exigida e os demais requisitos para aprova\u00e7\u00e3o tiverem sido atingidos.<\/p>\n<p>Para se inscrever, acesse o link: <a href=\"https:\/\/ava.sede.embrapa.br\/course\/view.php?id=519\">https:\/\/ava.sede.embrapa.br\/course\/view.php?id=519<\/a><\/p>\n<p>Para mais informa\u00e7\u00f5es, envie um e-mail para e-campo.cerrados@embrapa.br.<\/p>\n<p>Al\u00e9m desse minicurso, a Embrapa Cerrados tamb\u00e9m desenvolveu e oferta gratuitamente na plataforma e-Campo os minicursos sobre maracuj\u00e1s, pitayas, manga , abacate, goiaba e mercado e comercializa\u00e7\u00e3o de frutas frescas e processadas.<\/p>\n","protected":false},"excerpt":{"rendered":"<p>A Embrapa est\u00e1 oferecendo na plataforma e-Campo o Minicurso Fruticultura Tropical &#8211; Avan\u00e7os na propaga\u00e7\u00e3o dos maracuj\u00e1s, desenvolvido pela Embrapa Cerrados. Destinado a produtores de mudas, estudantes de gradua\u00e7\u00e3o e p\u00f3s-gradua\u00e7\u00e3o, professores, t\u00e9cnicos, pesquisadores, gestores e empreendedores, o minicurso on-line, ministrado pelo pesquisador F\u00e1bio Faleiro, apresenta informa\u00e7\u00f5es b\u00e1sicas e os avan\u00e7os das pesquisas sobre os [&hellip;]<\/p>\n","protected":false},"author":2,"featured_media":341776,"comment_status":"closed","ping_status":"closed","sticky":false,"template":"","format":"standard","meta":{"_acf_changed":false,"footnotes":""},"categories":[161],"tags":[],"class_list":["post-341775","post","type-post","status-publish","format-standard","has-post-thumbnail","hentry","category-quadradinho-em-foco"],"acf":[],"_links":{"self":[{"href":"https:\/\/www.notibras.com\/site\/wp-json\/wp\/v2\/posts\/341775","targetHints":{"allow":["GET"]}}],"collection":[{"href":"https:\/\/www.notibras.com\/site\/wp-json\/wp\/v2\/posts"}],"about":[{"href":"https:\/\/www.notibras.com\/site\/wp-json\/wp\/v2\/types\/post"}],"author":[{"embeddable":true,"href":"https:\/\/www.notibras.com\/site\/wp-json\/wp\/v2\/users\/2"}],"replies":[{"embeddable":true,"href":"https:\/\/www.notibras.com\/site\/wp-json\/wp\/v2\/comments?post=341775"}],"version-history":[{"count":1,"href":"https:\/\/www.notibras.com\/site\/wp-json\/wp\/v2\/posts\/341775\/revisions"}],"predecessor-version":[{"id":341777,"href":"https:\/\/www.notibras.com\/site\/wp-json\/wp\/v2\/posts\/341775\/revisions\/341777"}],"wp:featuredmedia":[{"embeddable":true,"href":"https:\/\/www.notibras.com\/site\/wp-json\/wp\/v2\/media\/341776"}],"wp:attachment":[{"href":"https:\/\/www.notibras.com\/site\/wp-json\/wp\/v2\/media?parent=341775"}],"wp:term":[{"taxonomy":"category","embeddable":true,"href":"https:\/\/www.notibras.com\/site\/wp-json\/wp\/v2\/categories?post=341775"},{"taxonomy":"post_tag","embeddable":true,"href":"https:\/\/www.notibras.com\/site\/wp-json\/wp\/v2\/tags?post=341775"}],"curies":[{"name":"wp","href":"https:\/\/api.w.org\/{rel}","templated":true}]}}