{"id":341778,"date":"2024-11-26T00:03:22","date_gmt":"2024-11-26T03:03:22","guid":{"rendered":"https:\/\/www.notibras.com\/site\/?p=341778"},"modified":"2024-11-26T10:05:22","modified_gmt":"2024-11-26T13:05:22","slug":"mostra-de-adriana-bittar-desembarca-em-brasilia","status":"publish","type":"post","link":"https:\/\/www.notibras.com\/site\/mostra-de-adriana-bittar-desembarca-em-brasilia\/","title":{"rendered":"Mostra de Adriana Bittar desembarca em Bras\u00edlia"},"content":{"rendered":"<p>A fot\u00f3grafa Adriana Bittar apresenta sua nova exposi\u00e7\u00e3o, Dentro, no ic\u00f4nico Espa\u00e7o Oscar Niemeyer, a partir de 9 de dezembro. Com entrada gratuita, a mostra convida o p\u00fablico a uma jornada visual pela rica biodiversidade brasileira, promovendo uma reflex\u00e3o profunda sobre nossa rela\u00e7\u00e3o com o meio ambiente.<\/p>\n<p>A exposi\u00e7\u00e3o, contemplada pela Lei Rouanet, faz parte do projeto A Cor da Gente, que inclui tamb\u00e9m o lan\u00e7amento de um livro e um curso de conscientiza\u00e7\u00e3o ambiental. Atrav\u00e9s de suas lentes, Adriana Bittar captura a beleza e a fragilidade da natureza, convidando o espectador a uma imers\u00e3o sensorial em paisagens exuberantes e encontros com a fauna e flora brasileiras.<\/p>\n<p>Al\u00e9m de Bras\u00edlia, a mostra pretende passar por Goi\u00e2nia e An\u00e1polis, cidade natal da fot\u00f3grafa, a partir de janeiro.<\/p>\n<p><strong>Um olhar sens\u00edvel e engajado<\/strong><br \/>\nCom um olhar atento e respeitoso a biomas como o Cerrado, a Amaz\u00f4nia e o Pantanal, a artista revela a pot\u00eancia e a fragilidade da natureza, denunciando os impactos da a\u00e7\u00e3o humana e propondo uma reflex\u00e3o sobre a import\u00e2ncia de preservar nossos ecossistemas.<\/p>\n<p>De acordo com a curadora do projeto, D\u00e9bora Duarte, a artista tem a capacidade de estabelecer uma conex\u00e3o profunda com aqueles que encontra, revelando a beleza e a complexidade da vida em suas diversas formas de organiza\u00e7\u00e3o. &#8220;As fotografias de Adriana Bittar n\u00e3o se limitam \u00e0 beleza est\u00e9tica, carregam, antes de tudo, um sentido de urg\u00eancia e den\u00fancia diante da destrui\u00e7\u00e3o ambiental instaurada pelos povos da mercadoria&#8221;, destaca.<\/p>\n<p><strong>Uma experi\u00eancia imersiva<\/strong><br \/>\nA exposi\u00e7\u00e3o ocupa o Espa\u00e7o Oscar Niemeyer, um dos mais importantes marcos arquitet\u00f4nicos de Bras\u00edlia, proporcionando um ambiente ideal para a aprecia\u00e7\u00e3o das obras. As fotografias, impressas em alta qualidade, convidam o p\u00fablico a uma experi\u00eancia imersiva, despertando os sentidos e a consci\u00eancia ambiental.<\/p>\n<p><strong>O livro<\/strong><br \/>\nAs imagens tamb\u00e9m poder\u00e3o ser vistas na publica\u00e7\u00e3o que leva o mesmo nome da exposi\u00e7\u00e3o. O livro Dentro \u00e9 composto por mais de 100 fotografias, impressas em papel importado, preto e branco, e apresenta-se como um convite \u00e0 reflex\u00e3o sobre a nossa rela\u00e7\u00e3o com o mundo. O lan\u00e7amento da obra ser\u00e1 junto com o lan\u00e7amento da exposi\u00e7\u00e3o.<\/p>\n","protected":false},"excerpt":{"rendered":"<p>A fot\u00f3grafa Adriana Bittar apresenta sua nova exposi\u00e7\u00e3o, Dentro, no ic\u00f4nico Espa\u00e7o Oscar Niemeyer, a partir de 9 de dezembro. Com entrada gratuita, a mostra convida o p\u00fablico a uma jornada visual pela rica biodiversidade brasileira, promovendo uma reflex\u00e3o profunda sobre nossa rela\u00e7\u00e3o com o meio ambiente. A exposi\u00e7\u00e3o, contemplada pela Lei Rouanet, faz parte [&hellip;]<\/p>\n","protected":false},"author":2,"featured_media":341779,"comment_status":"closed","ping_status":"closed","sticky":false,"template":"","format":"standard","meta":{"_acf_changed":false,"footnotes":""},"categories":[161],"tags":[],"class_list":["post-341778","post","type-post","status-publish","format-standard","has-post-thumbnail","hentry","category-quadradinho-em-foco"],"acf":[],"_links":{"self":[{"href":"https:\/\/www.notibras.com\/site\/wp-json\/wp\/v2\/posts\/341778","targetHints":{"allow":["GET"]}}],"collection":[{"href":"https:\/\/www.notibras.com\/site\/wp-json\/wp\/v2\/posts"}],"about":[{"href":"https:\/\/www.notibras.com\/site\/wp-json\/wp\/v2\/types\/post"}],"author":[{"embeddable":true,"href":"https:\/\/www.notibras.com\/site\/wp-json\/wp\/v2\/users\/2"}],"replies":[{"embeddable":true,"href":"https:\/\/www.notibras.com\/site\/wp-json\/wp\/v2\/comments?post=341778"}],"version-history":[{"count":1,"href":"https:\/\/www.notibras.com\/site\/wp-json\/wp\/v2\/posts\/341778\/revisions"}],"predecessor-version":[{"id":341780,"href":"https:\/\/www.notibras.com\/site\/wp-json\/wp\/v2\/posts\/341778\/revisions\/341780"}],"wp:featuredmedia":[{"embeddable":true,"href":"https:\/\/www.notibras.com\/site\/wp-json\/wp\/v2\/media\/341779"}],"wp:attachment":[{"href":"https:\/\/www.notibras.com\/site\/wp-json\/wp\/v2\/media?parent=341778"}],"wp:term":[{"taxonomy":"category","embeddable":true,"href":"https:\/\/www.notibras.com\/site\/wp-json\/wp\/v2\/categories?post=341778"},{"taxonomy":"post_tag","embeddable":true,"href":"https:\/\/www.notibras.com\/site\/wp-json\/wp\/v2\/tags?post=341778"}],"curies":[{"name":"wp","href":"https:\/\/api.w.org\/{rel}","templated":true}]}}