{"id":341781,"date":"2024-11-26T00:00:44","date_gmt":"2024-11-26T03:00:44","guid":{"rendered":"https:\/\/www.notibras.com\/site\/?p=341781"},"modified":"2024-11-26T10:13:12","modified_gmt":"2024-11-26T13:13:12","slug":"capital-se-destaca-na-exportacao-de-carnes-sorgo-e-morangos","status":"publish","type":"post","link":"https:\/\/www.notibras.com\/site\/capital-se-destaca-na-exportacao-de-carnes-sorgo-e-morangos\/","title":{"rendered":"Capital se destaca na exporta\u00e7\u00e3o de carnes, sorgo e morangos"},"content":{"rendered":"<p>O Boletim do Com\u00e9rcio Exterior do Distrito Federal, divulgado pelo Instituto de Pesquisa e Estat\u00edstica do DF (IPEDF), aponta que a capital registrou uma redu\u00e7\u00e3o de 73,7% no d\u00e9ficit da balan\u00e7a comercial no primeiro trimestre de 2024, atingindo US$ 285,6 milh\u00f5es, em compara\u00e7\u00e3o ao mesmo per\u00edodo de 2023. Essa diminui\u00e7\u00e3o reflete uma desacelera\u00e7\u00e3o na corrente de com\u00e9rcio internacional da regi\u00e3o, com quedas expressivas tanto nas exporta\u00e7\u00f5es quanto nas importa\u00e7\u00f5es. As exporta\u00e7\u00f5es totalizaram US$ 49,6 milh\u00f5es, o que representa uma queda de 51,8% em valor e 45,6% em volume, enquanto as importa\u00e7\u00f5es somaram US$ 335,1 milh\u00f5es, com destaque para as compras p\u00fablicas do governo federal.<\/p>\n<p>Apesar de responder por uma pequena fatia do com\u00e9rcio exterior nacional (apenas 0,1% das exporta\u00e7\u00f5es e 0,6% das importa\u00e7\u00f5es do Brasil), o Distrito Federal tem se destacado em nichos espec\u00edficos. A capital se posicionou como o terceiro maior exportador de sorgo para semeadura e de morangos frescos, al\u00e9m de ocupar a nona posi\u00e7\u00e3o nas exporta\u00e7\u00f5es de carnes congeladas de aves. Por outro lado, o DF ainda tem participa\u00e7\u00e3o limitada na exporta\u00e7\u00e3o de produtos como soja e milho, que s\u00e3o de grande relev\u00e2ncia para a economia local.<\/p>\n<p>A diretora de Estat\u00edstica e Pesquisas Socioecon\u00f4micas do IPEDF, Francisca Lucena, destacou o papel estrat\u00e9gico do levantamento: \u201cO boletim refor\u00e7a nosso compromisso de fornecer informa\u00e7\u00f5es relevantes para tomada de decis\u00f5es estrat\u00e9gicas no \u00e2mbito do DF e ser\u00e1 uma ferramenta \u00fatil para compreender a posi\u00e7\u00e3o da capital federal no com\u00e9rcio internacional.\u201d<\/p>\n<p>A ind\u00fastria de transforma\u00e7\u00e3o foi a principal respons\u00e1vel pelas exporta\u00e7\u00f5es (78,9%) e importa\u00e7\u00f5es (99,8%) do DF, com destaque para o aumento nas importa\u00e7\u00f5es de produtos agropecu\u00e1rios, que subiram 168% em rela\u00e7\u00e3o ao ano anterior. No entanto, o setor agropecu\u00e1rio representou uma fatia menor nas importa\u00e7\u00f5es (0,2%) e nas exporta\u00e7\u00f5es (21,1%). Um dos produtos que se destacou foi a carne su\u00edna, com crescimento not\u00e1vel de 267,8% no valor das importa\u00e7\u00f5es, o que indica uma mudan\u00e7a nas tend\u00eancias de consumo e com\u00e9rcio do Distrito Federal.<\/p>\n<p>Esse desempenho, no entanto, ainda encontra desafios relacionados \u00e0 diversifica\u00e7\u00e3o da pauta comercial. Para a coordenadora de An\u00e1lise Econ\u00f4mica e Contas Regionais do IPEDF, Adrielli Dias, \u00e9 essencial aproveitar as oportunidades reveladas no boletim: \u201cCompreender a din\u00e2mica do com\u00e9rcio exterior do DF \u00e9 fundamental para orientar estrat\u00e9gias de integra\u00e7\u00e3o internacional, buscando ampliar a competitividade em nichos espec\u00edficos e superar os desafios estruturais para diversificar a pauta comercial.\u201d<\/p>\n<p>O mercado externo do DF tamb\u00e9m registrou uma alta de 3,72% no \u00edndice geral de pre\u00e7os das commodities, com exce\u00e7\u00e3o da soja, que sofreu quedas no per\u00edodo. A taxa de c\u00e2mbio tamb\u00e9m influenciou esse cen\u00e1rio, com o real se desvalorizando frente ao d\u00f3lar, o que favoreceu as exporta\u00e7\u00f5es, mas aumentou o custo das importa\u00e7\u00f5es.<\/p>\n","protected":false},"excerpt":{"rendered":"<p>O Boletim do Com\u00e9rcio Exterior do Distrito Federal, divulgado pelo Instituto de Pesquisa e Estat\u00edstica do DF (IPEDF), aponta que a capital registrou uma redu\u00e7\u00e3o de 73,7% no d\u00e9ficit da balan\u00e7a comercial no primeiro trimestre de 2024, atingindo US$ 285,6 milh\u00f5es, em compara\u00e7\u00e3o ao mesmo per\u00edodo de 2023. Essa diminui\u00e7\u00e3o reflete uma desacelera\u00e7\u00e3o na corrente [&hellip;]<\/p>\n","protected":false},"author":2,"featured_media":341782,"comment_status":"closed","ping_status":"closed","sticky":false,"template":"","format":"standard","meta":{"_acf_changed":false,"footnotes":""},"categories":[161],"tags":[],"class_list":["post-341781","post","type-post","status-publish","format-standard","has-post-thumbnail","hentry","category-quadradinho-em-foco"],"acf":[],"_links":{"self":[{"href":"https:\/\/www.notibras.com\/site\/wp-json\/wp\/v2\/posts\/341781","targetHints":{"allow":["GET"]}}],"collection":[{"href":"https:\/\/www.notibras.com\/site\/wp-json\/wp\/v2\/posts"}],"about":[{"href":"https:\/\/www.notibras.com\/site\/wp-json\/wp\/v2\/types\/post"}],"author":[{"embeddable":true,"href":"https:\/\/www.notibras.com\/site\/wp-json\/wp\/v2\/users\/2"}],"replies":[{"embeddable":true,"href":"https:\/\/www.notibras.com\/site\/wp-json\/wp\/v2\/comments?post=341781"}],"version-history":[{"count":1,"href":"https:\/\/www.notibras.com\/site\/wp-json\/wp\/v2\/posts\/341781\/revisions"}],"predecessor-version":[{"id":341783,"href":"https:\/\/www.notibras.com\/site\/wp-json\/wp\/v2\/posts\/341781\/revisions\/341783"}],"wp:featuredmedia":[{"embeddable":true,"href":"https:\/\/www.notibras.com\/site\/wp-json\/wp\/v2\/media\/341782"}],"wp:attachment":[{"href":"https:\/\/www.notibras.com\/site\/wp-json\/wp\/v2\/media?parent=341781"}],"wp:term":[{"taxonomy":"category","embeddable":true,"href":"https:\/\/www.notibras.com\/site\/wp-json\/wp\/v2\/categories?post=341781"},{"taxonomy":"post_tag","embeddable":true,"href":"https:\/\/www.notibras.com\/site\/wp-json\/wp\/v2\/tags?post=341781"}],"curies":[{"name":"wp","href":"https:\/\/api.w.org\/{rel}","templated":true}]}}