{"id":341837,"date":"2024-11-27T05:58:35","date_gmt":"2024-11-27T08:58:35","guid":{"rendered":"https:\/\/www.notibras.com\/site\/?p=341837"},"modified":"2024-11-27T05:58:35","modified_gmt":"2024-11-27T08:58:35","slug":"estado-da-15-milhao-a-igreja-e-garante-festa-do-morro-da-conceicao","status":"publish","type":"post","link":"https:\/\/www.notibras.com\/site\/estado-da-15-milhao-a-igreja-e-garante-festa-do-morro-da-conceicao\/","title":{"rendered":"Estado d\u00e1 1,5 milh\u00e3o \u00e0 Igreja e garante Festa do Morro da Concei\u00e7\u00e3o"},"content":{"rendered":"<p>Ap\u00f3s 87 dias de obras e uma doa\u00e7\u00e3o de R$ 1,5 milh\u00e3o do governo estadual, para recuperar o teto do santu\u00e1rio que desabou no \u00faltimo dia 30 de agosto, deixando dois fi\u00e9is mortos e outros 21 feridos, a centen\u00e1ria festa do Morro da Concei\u00e7\u00e3o, no Recife, maior manifesta\u00e7\u00e3o religiosa de Pernambuco, teve a garantia de ser mais uma vez realizada, o que acontecer\u00e1 a partir desta quinta-feira (28) at\u00e9 o dia 8 de dezembro, data consagrada \u00e0 Imaculada Concei\u00e7\u00e3o do Morro.<\/p>\n<p>A Festa do Morro da Concei\u00e7\u00e3o \u00e9 uma celebra\u00e7\u00e3o cat\u00f3lica que acontece anualmente no Santu\u00e1rio do Morro da Concei\u00e7\u00e3o, na Zona Norte do Recife, reunindo milh\u00f5es de fi\u00e9is. A festa teve origem em 1904, quando o bispo de Olinda e Recife, Dom Lu\u00eds Raimundo da Silva Brito, construiu uma imagem da Virgem Maria para comemorar o cinquenten\u00e1rio do dogma da Imaculada Concei\u00e7\u00e3o. A est\u00e1tua foi trazida da Fran\u00e7a e inaugurada no dia 8 de dezembro do mesmo ano.<\/p>\n<p>Em 2022, a Festa do Morro da Concei\u00e7\u00e3o foi declarada Patrim\u00f4nio Cultural Imaterial de Pernambuco.<\/p>\n<p>Na manh\u00e3 de ter\u00e7a-feira (26), a governadora Raquel Lyra (PSDB) subiu o Morro da Concei\u00e7\u00e3o para entregar aos fi\u00e9is a nova cobertura do santu\u00e1rio cuja recupera\u00e7\u00e3o esteve a cargo do governo do Estado, ao custo, at\u00e9 o momento, de R$ 1,5 milh\u00e3o.<\/p>\n<p>\u201cPara n\u00f3s do governo de Pernambuco \u00e9 uma satisfa\u00e7\u00e3o poder trabalhar junto com a Diocese para reconstruir um espa\u00e7o t\u00e3o importante de f\u00e9, esperan\u00e7a e compromisso com o Recife. A festa vai acontecer com muita tranquilidade e muita seguran\u00e7a\u201d, afirmou a governadora.<\/p>\n<p>No dia 13 de dezembro, ap\u00f3s o t\u00e9rmino da festa, as obras do santu\u00e1rio ser\u00e3o retomadas para instala\u00e7\u00e3o de pain\u00e9is de energia solar, prov\u00e1vel causa do desabamento da cobertura, vitrais, sistema de ar condicionado, reforma do piso e pintura, servi\u00e7os ainda n\u00e3o or\u00e7ados, mas que devem contar com participa\u00e7\u00e3o dos cofres p\u00fablicos estaduais.<\/p>\n<p>A edi\u00e7\u00e3o da festa este ano ter\u00e1 como tema &#8220;120 anos de peregrina\u00e7\u00e3o e esperan\u00e7a com a Imaculada Concei\u00e7\u00e3o do Morro&#8221;. Esse mote foi escolhido em refer\u00eancia ao Jubileu da Igreja Cat\u00f3lica de 2025, que tem como lema &#8220;Peregrinos da Esperan\u00e7a&#8221;.<\/p>\n<p>A programa\u00e7\u00e3o dos festejos ser\u00e1 aberta nesta quinta-feira (28), quando os devotos re\u00fanem-se na tradicional Prociss\u00e3o da Bandeira. A concentra\u00e7\u00e3o ser\u00e1 no Parque da Macaxeira, \u00e0s 17 horas, de onde os fi\u00e9is seguem com a bandeira da festa, que ser\u00e1 hasteada em frente ao santu\u00e1rio, \u00e0s 19 horas.<\/p>\n<p>Na v\u00e9spera do feriado, em 7 de dezembro, ser\u00e1 realizada a prociss\u00e3o com a imagem do Divino Pai Eterno. O grupo vai sair \u00e0s 18h do Largo Dom Luiz, no bairro do Vasco da Gama, na Zona Norte, at\u00e9 Pra\u00e7a do Morro da Concei\u00e7\u00e3o.<\/p>\n<p>No dia 8, um feriado municipal que neste ano cair\u00e1 num domingo, ser\u00e1 realizada a prociss\u00e3o que encerrar\u00e1 a festa., saindo do Cais do Apolo, no centro da cidade por volta das 15 horas. A cerim\u00f4nia de encerramento, presidida pelo arcebispo da Arquidiocese de Olinda e Recife, Dom Paulo Jackson, ser\u00e1 na Pra\u00e7a do Morro da Concei\u00e7\u00e3o.<\/p>\n","protected":false},"excerpt":{"rendered":"<p>Ap\u00f3s 87 dias de obras e uma doa\u00e7\u00e3o de R$ 1,5 milh\u00e3o do governo estadual, para recuperar o teto do santu\u00e1rio que desabou no \u00faltimo dia 30 de agosto, deixando dois fi\u00e9is mortos e outros 21 feridos, a centen\u00e1ria festa do Morro da Concei\u00e7\u00e3o, no Recife, maior manifesta\u00e7\u00e3o religiosa de Pernambuco, teve a garantia de [&hellip;]<\/p>\n","protected":false},"author":2,"featured_media":341838,"comment_status":"closed","ping_status":"closed","sticky":false,"template":"","format":"standard","meta":{"_acf_changed":false,"footnotes":""},"categories":[165],"tags":[],"class_list":["post-341837","post","type-post","status-publish","format-standard","has-post-thumbnail","hentry","category-nordeste"],"acf":[],"_links":{"self":[{"href":"https:\/\/www.notibras.com\/site\/wp-json\/wp\/v2\/posts\/341837","targetHints":{"allow":["GET"]}}],"collection":[{"href":"https:\/\/www.notibras.com\/site\/wp-json\/wp\/v2\/posts"}],"about":[{"href":"https:\/\/www.notibras.com\/site\/wp-json\/wp\/v2\/types\/post"}],"author":[{"embeddable":true,"href":"https:\/\/www.notibras.com\/site\/wp-json\/wp\/v2\/users\/2"}],"replies":[{"embeddable":true,"href":"https:\/\/www.notibras.com\/site\/wp-json\/wp\/v2\/comments?post=341837"}],"version-history":[{"count":1,"href":"https:\/\/www.notibras.com\/site\/wp-json\/wp\/v2\/posts\/341837\/revisions"}],"predecessor-version":[{"id":341839,"href":"https:\/\/www.notibras.com\/site\/wp-json\/wp\/v2\/posts\/341837\/revisions\/341839"}],"wp:featuredmedia":[{"embeddable":true,"href":"https:\/\/www.notibras.com\/site\/wp-json\/wp\/v2\/media\/341838"}],"wp:attachment":[{"href":"https:\/\/www.notibras.com\/site\/wp-json\/wp\/v2\/media?parent=341837"}],"wp:term":[{"taxonomy":"category","embeddable":true,"href":"https:\/\/www.notibras.com\/site\/wp-json\/wp\/v2\/categories?post=341837"},{"taxonomy":"post_tag","embeddable":true,"href":"https:\/\/www.notibras.com\/site\/wp-json\/wp\/v2\/tags?post=341837"}],"curies":[{"name":"wp","href":"https:\/\/api.w.org\/{rel}","templated":true}]}}