{"id":341862,"date":"2024-11-27T07:20:35","date_gmt":"2024-11-27T10:20:35","guid":{"rendered":"https:\/\/www.notibras.com\/site\/?p=341862"},"modified":"2024-11-27T07:30:39","modified_gmt":"2024-11-27T10:30:39","slug":"rita-mulher-das-liberdades-fazia-dieta-mas-sempre-olhava-o-cardapio","status":"publish","type":"post","link":"https:\/\/www.notibras.com\/site\/rita-mulher-das-liberdades-fazia-dieta-mas-sempre-olhava-o-cardapio\/","title":{"rendered":"Rita, mulher das liberdades, fazia &#8216;dieta&#8217; mas sempre olhava o &#8216;card\u00e1pio&#8217;"},"content":{"rendered":"<p>Rita era mulher das liberdades, dessas que desassossegam qualquer ambiente. E n\u00e3o pense voc\u00ea que ela fazia tipo, pois era da sua natureza ser t\u00e3o carnal. Por conta disso, n\u00e3o raro, ruborizava at\u00e9 mesmo aquelas pessoas que mais a conheciam.<\/p>\n<p>De t\u00e3o convincente era Rita, que quase ningu\u00e9m duvidava do que dizia. Contida para n\u00e3o levantar suspeitas, ela era ria do furor que provocava. Tanto \u00e9 que at\u00e9 a Jurema, amiga de longa data, ficava boquiaberta diante das situa\u00e7\u00f5es.<\/p>\n<p>\u2014 Mulher, se assossega!<\/p>\n<p>\u2014 U\u00e9, por que eu faria isso?<\/p>\n<p>\u2014 Rita, o povo n\u00e3o para de comentar.<\/p>\n<p>\u2014 Pois deixe que fale. A fofoca \u00e9 um direito de todos. Est\u00e1 at\u00e9 na Constitui\u00e7\u00e3o.<\/p>\n<p>\u2014 S\u00e9rio? At\u00e9 na Constitui\u00e7\u00e3o?<\/p>\n<p>\u2014 Sei l\u00e1! Mas se n\u00e3o tiver, bem que poderia estar.<\/p>\n<p>Pois n\u00e3o \u00e9 que a Jurema estava ao lado quando a Rita provocou mais um pequeno reboli\u00e7o? E foi justamente no encontro de oito anos de formatura da turma de Servi\u00e7o Social, bem ali no bar de sempre na Asa Norte.<\/p>\n<p>Enquanto os antigos colegas se divertiam com lembran\u00e7as dos tempos de faculdade, eis que adentrou no recinto um belo rapaz de l\u00e1 seus 30 anos. Imposs\u00edvel n\u00e3o notar aquele deus grego, quando, ent\u00e3o, a Rita mencionou.<\/p>\n<p>\u2014 Ah, esse gato na minha cama!<\/p>\n<p>\u2014 Rita, mas voc\u00ea n\u00e3o \u00e9 casada?<\/p>\n<p>\u2014 E da\u00ed, Solange? N\u00e3o \u00e9 porque estou de dieta que n\u00e3o posso olhar o card\u00e1pio.<\/p>\n<p>&#8230;&#8230;&#8230;&#8230;&#8230;&#8230;&#8230;&#8230;&#8230;&#8230;.<\/p>\n<p><strong>*Eduardo Mart\u00ednez \u00e9 autor do livro \u201c57 Contos e Cr\u00f4nicas por um Autor muito Velho\u201d.<\/strong><\/p>\n<div class=\"mvp-post-soc-in\">\n<div id=\"mvp-content-body\" class=\"left relative\">\n<div id=\"mvp-content-body-top\" class=\"left relative\">\n<div id=\"mvp-content-main\" class=\"left relative\">\n<p>Compre aqui\u00a0<span class=\"x19la9d6 x1fc57z9 x6ikm8r x10wlt62 x19co3pv x1g5zs5t xfibh0p xiy17q3 x1xsqp64 x1lkfr7t xexx8yu x4uap5 x18d9i69 xkhd6sd\"><span class=\"xrtxmta x1bhl96m\"><img decoding=\"async\" class=\"emoji\" role=\"img\" draggable=\"false\" src=\"https:\/\/s.w.org\/images\/core\/emoji\/14.0.0\/svg\/1f447-1f3ff.svg\" alt=\"&#x1f447;&#x1f3ff;\" \/><\/span><\/span><span class=\"x19la9d6 x1fc57z9 x6ikm8r x10wlt62 x19co3pv x1g5zs5t xfibh0p xiy17q3 x1xsqp64 x1lkfr7t xexx8yu x4uap5 x18d9i69 xkhd6sd\"><span class=\"xrtxmta x1bhl96m\"><img decoding=\"async\" class=\"emoji\" role=\"img\" draggable=\"false\" src=\"https:\/\/s.w.org\/images\/core\/emoji\/14.0.0\/svg\/1f447-1f3ff.svg\" alt=\"&#x1f447;&#x1f3ff;\" \/><\/span><\/span><span class=\"x19la9d6 x1fc57z9 x6ikm8r x10wlt62 x19co3pv x1g5zs5t xfibh0p xiy17q3 x1xsqp64 x1lkfr7t xexx8yu x4uap5 x18d9i69 xkhd6sd\"><span class=\"xrtxmta x1bhl96m\"><img decoding=\"async\" class=\"emoji\" role=\"img\" draggable=\"false\" src=\"https:\/\/s.w.org\/images\/core\/emoji\/14.0.0\/svg\/1f447-1f3ff.svg\" alt=\"&#x1f447;&#x1f3ff;\" \/><\/span><\/span><\/p>\n<p><a href=\"http:\/\/www.joanineditora.com.br\/57-contos-e-cronicas-por-um-autor-muito-velho\">http:\/\/www.joanineditora.com.br\/57-contos-e-cronicas-por-um-autor-muito-velho<\/a><\/p>\n<\/div>\n<\/div>\n<\/div>\n<\/div>\n","protected":false},"excerpt":{"rendered":"<p>Rita era mulher das liberdades, dessas que desassossegam qualquer ambiente. E n\u00e3o pense voc\u00ea que ela fazia tipo, pois era da sua natureza ser t\u00e3o carnal. Por conta disso, n\u00e3o raro, ruborizava at\u00e9 mesmo aquelas pessoas que mais a conheciam. De t\u00e3o convincente era Rita, que quase ningu\u00e9m duvidava do que dizia. Contida para n\u00e3o [&hellip;]<\/p>\n","protected":false},"author":2,"featured_media":341863,"comment_status":"closed","ping_status":"closed","sticky":false,"template":"","format":"standard","meta":{"_acf_changed":false,"footnotes":""},"categories":[161],"tags":[],"class_list":["post-341862","post","type-post","status-publish","format-standard","has-post-thumbnail","hentry","category-quadradinho-em-foco"],"acf":[],"_links":{"self":[{"href":"https:\/\/www.notibras.com\/site\/wp-json\/wp\/v2\/posts\/341862","targetHints":{"allow":["GET"]}}],"collection":[{"href":"https:\/\/www.notibras.com\/site\/wp-json\/wp\/v2\/posts"}],"about":[{"href":"https:\/\/www.notibras.com\/site\/wp-json\/wp\/v2\/types\/post"}],"author":[{"embeddable":true,"href":"https:\/\/www.notibras.com\/site\/wp-json\/wp\/v2\/users\/2"}],"replies":[{"embeddable":true,"href":"https:\/\/www.notibras.com\/site\/wp-json\/wp\/v2\/comments?post=341862"}],"version-history":[{"count":3,"href":"https:\/\/www.notibras.com\/site\/wp-json\/wp\/v2\/posts\/341862\/revisions"}],"predecessor-version":[{"id":341866,"href":"https:\/\/www.notibras.com\/site\/wp-json\/wp\/v2\/posts\/341862\/revisions\/341866"}],"wp:featuredmedia":[{"embeddable":true,"href":"https:\/\/www.notibras.com\/site\/wp-json\/wp\/v2\/media\/341863"}],"wp:attachment":[{"href":"https:\/\/www.notibras.com\/site\/wp-json\/wp\/v2\/media?parent=341862"}],"wp:term":[{"taxonomy":"category","embeddable":true,"href":"https:\/\/www.notibras.com\/site\/wp-json\/wp\/v2\/categories?post=341862"},{"taxonomy":"post_tag","embeddable":true,"href":"https:\/\/www.notibras.com\/site\/wp-json\/wp\/v2\/tags?post=341862"}],"curies":[{"name":"wp","href":"https:\/\/api.w.org\/{rel}","templated":true}]}}