{"id":341867,"date":"2024-11-27T07:10:27","date_gmt":"2024-11-27T10:10:27","guid":{"rendered":"https:\/\/www.notibras.com\/site\/?p=341867"},"modified":"2024-11-27T07:47:08","modified_gmt":"2024-11-27T10:47:08","slug":"cultura-da-corrupcao-toma-conta-da-cultura-de-brasilia","status":"publish","type":"post","link":"https:\/\/www.notibras.com\/site\/cultura-da-corrupcao-toma-conta-da-cultura-de-brasilia\/","title":{"rendered":"Cultura da corrup\u00e7\u00e3o toma conta da cultura de Bras\u00edlia"},"content":{"rendered":"<p>Bras\u00edlia, com seus tra\u00e7os amplos e modernos idealizados por Niemeyer e sua utopia de ser o centro das decis\u00f5es pol\u00edticas, h\u00e1 tempos carrega um outro t\u00edtulo que lhe pesa: a capital da corrup\u00e7\u00e3o. Essa mancha moral, que insiste em permear as estruturas da cidade, contamina n\u00e3o apenas as institui\u00e7\u00f5es, mas tamb\u00e9m as rela\u00e7\u00f5es culturais e sociais que emergem desse contexto.<\/p>\n<p>Por que Bras\u00edlia, um s\u00edmbolo de esperan\u00e7a nacional quando fundada, tornou-se t\u00e3o associada ao desvio de recursos e pr\u00e1ticas corruptas? Talvez a resposta esteja na conflu\u00eancia de poderes que habitam a cidade. Aqui, decis\u00f5es que afetam milh\u00f5es de brasileiros s\u00e3o tomadas, muitas vezes \u00e0 sombra de interesses privados.<\/p>\n<p>Nas rodas culturais e nos bastidores art\u00edsticos da capital, tamb\u00e9m se nota uma contamina\u00e7\u00e3o pelo ethos pol\u00edtico predominantemente. Projetos art\u00edsticos muitas vezes s\u00e3o beneficiados por apadrinhamentos ou esquemas de favorecimento. Incentivos \u00e0 cultura, que deveriam democratizar o acesso e valorizar a produ\u00e7\u00e3o local, por vezes s\u00e3o usados \u200b\u200bcomo moeda de troca para interesses eleitorais de quem perdeu a \u00faltima mas sonha em vencer a pr\u00f3xima.<\/p>\n<p>O reflexo disso se v\u00ea no imagin\u00e1rio coletivo: Bras\u00edlia n\u00e3o \u00e9 mais apenas o ber\u00e7o da MPB dos anos 80, com bandas como Legi\u00e3o Urbana e Plebe Rude. Tornou-se palco de um espet\u00e1culo muito mais sombrio, onde predomina o jogo de influ\u00eancia. Muitos jovens artistas da cidade enfrentam barreiras que v\u00e3o al\u00e9m do talento ou esfor\u00e7o. H\u00e1 uma panela no fog\u00e3o para esquentar projetos de amigos, e uma outra, furada, que deixa muita gente a ver navios (barcos que sejam) no Parano\u00e1.<\/p>\n<p>Ainda assim, entre os escombros desse cen\u00e1rio, surgem iniciativas independentes que resistem \u00e0 l\u00f3gica perversa da corrup\u00e7\u00e3o. Coletivos culturais, artistas de rua e projetos comunit\u00e1rios buscam mostrar Bras\u00edlia como um centro de cultura genu\u00edno e diverso. Lutam para que a cidade volte a ser lembrada por suas ra\u00edzes criativas, e n\u00e3o apenas por espet\u00e1culos de um fundo cultural que s\u00f3 serve para beneficiar amigos e seus projetos de dois milh\u00f5es de reais.<\/p>\n<p>A transforma\u00e7\u00e3o dessa realidade exige mais do que indigna\u00e7\u00e3o. \u00c9 a\u00e7\u00e3o precisa \u2014 do cidad\u00e3o que fiscaliza, do artista que denuncia, do jovem que recusa a perpetua\u00e7\u00e3o de pr\u00e1ticas corruptas e do Minist\u00e9rio P\u00fablico de Contas, que precisa tirar do palco os palha\u00e7os que riem com o er\u00e1rio. Bras\u00edlia, afinal, ainda carrega em si o potencial de ser o s\u00edmbolo de um Brasil melhor. Basta que seus habitantes lutem contra a cultura da corrup\u00e7\u00e3o e resgatem o que de mais valores a capital pode oferecer.<\/p>\n","protected":false},"excerpt":{"rendered":"<p>Bras\u00edlia, com seus tra\u00e7os amplos e modernos idealizados por Niemeyer e sua utopia de ser o centro das decis\u00f5es pol\u00edticas, h\u00e1 tempos carrega um outro t\u00edtulo que lhe pesa: a capital da corrup\u00e7\u00e3o. Essa mancha moral, que insiste em permear as estruturas da cidade, contamina n\u00e3o apenas as institui\u00e7\u00f5es, mas tamb\u00e9m as rela\u00e7\u00f5es culturais e [&hellip;]<\/p>\n","protected":false},"author":2,"featured_media":341868,"comment_status":"closed","ping_status":"closed","sticky":false,"template":"","format":"standard","meta":{"_acf_changed":false,"footnotes":""},"categories":[161],"tags":[],"class_list":["post-341867","post","type-post","status-publish","format-standard","has-post-thumbnail","hentry","category-quadradinho-em-foco"],"acf":[],"_links":{"self":[{"href":"https:\/\/www.notibras.com\/site\/wp-json\/wp\/v2\/posts\/341867","targetHints":{"allow":["GET"]}}],"collection":[{"href":"https:\/\/www.notibras.com\/site\/wp-json\/wp\/v2\/posts"}],"about":[{"href":"https:\/\/www.notibras.com\/site\/wp-json\/wp\/v2\/types\/post"}],"author":[{"embeddable":true,"href":"https:\/\/www.notibras.com\/site\/wp-json\/wp\/v2\/users\/2"}],"replies":[{"embeddable":true,"href":"https:\/\/www.notibras.com\/site\/wp-json\/wp\/v2\/comments?post=341867"}],"version-history":[{"count":1,"href":"https:\/\/www.notibras.com\/site\/wp-json\/wp\/v2\/posts\/341867\/revisions"}],"predecessor-version":[{"id":341869,"href":"https:\/\/www.notibras.com\/site\/wp-json\/wp\/v2\/posts\/341867\/revisions\/341869"}],"wp:featuredmedia":[{"embeddable":true,"href":"https:\/\/www.notibras.com\/site\/wp-json\/wp\/v2\/media\/341868"}],"wp:attachment":[{"href":"https:\/\/www.notibras.com\/site\/wp-json\/wp\/v2\/media?parent=341867"}],"wp:term":[{"taxonomy":"category","embeddable":true,"href":"https:\/\/www.notibras.com\/site\/wp-json\/wp\/v2\/categories?post=341867"},{"taxonomy":"post_tag","embeddable":true,"href":"https:\/\/www.notibras.com\/site\/wp-json\/wp\/v2\/tags?post=341867"}],"curies":[{"name":"wp","href":"https:\/\/api.w.org\/{rel}","templated":true}]}}