{"id":341904,"date":"2024-11-28T04:01:02","date_gmt":"2024-11-28T07:01:02","guid":{"rendered":"https:\/\/www.notibras.com\/site\/?p=341904"},"modified":"2024-11-28T04:03:28","modified_gmt":"2024-11-28T07:03:28","slug":"obras-do-novo-pac-facilitam-vida-de-raquel-para-enfrentar-joao","status":"publish","type":"post","link":"https:\/\/www.notibras.com\/site\/obras-do-novo-pac-facilitam-vida-de-raquel-para-enfrentar-joao\/","title":{"rendered":"Obras do Novo PAC facilitam vida de Raquel para enfrentar Jo\u00e3o"},"content":{"rendered":"<p>O ministro-chefe da Casa Civil da Presid\u00eancia da Rep\u00fablica, Rui Costa, acompanhando dos seus colegas da Integra\u00e7\u00e3o e do Desenvolvimento Regional, Waldez G\u00f3es, e da Ci\u00eancia e Tecnologia, Luciana Santos, passou dois dias no Recife em reuni\u00f5es com a governadora Raquel Lyra (PSDB) e com prefeitos de Pernambuco irrigando o governo estadual e prefeituras com recursos do governo Lula (PT), da ordem de R$ 42,9 bilh\u00f5es, para obras do Novo PAC no estado, nos pr\u00f3ximos dois anos.<\/p>\n<p>O montante de dinheiro \u00e0 disposi\u00e7\u00e3o da governadora e o grande n\u00famero de obras de impacto a serem realizadas em per\u00edodo t\u00e3o curto, caso sejam levadas a efeito podem dar a Raquel Lyra melhores condi\u00e7\u00f5es para enfrentar o prefeito do Recife, Jo\u00e3o Campos (PSB), nas elei\u00e7\u00f5es de 2026, quando estar\u00e1 em disputa o seu cargo, objeto de desejo do filho do ex-governador Eduardo Campos.<\/p>\n<p>Os dois governos, o federal e o estadual, tendo no horizonte as elei\u00e7\u00f5es de 2026, querem celeridade das obras em diversas \u00e1reas, como recursos h\u00eddricos, obras urbanas e vi\u00e1rias, onde em parceria com o governo federal Raquel Lyra lan\u00e7ou na semana passada um arrojado projeto de recupera\u00e7\u00e3o de rodovias federais, estaduais e vicinais que vai demandar investimentos superiores a R$ 5 bilh\u00f5es.<\/p>\n<p>&#8220;O balan\u00e7o da reuni\u00e3o foi muito positivo e fizemos uma s\u00e9rie de encaminhamentos aqui junto com a governadora para que as obras em Pernambuco ganhem celeridade e tenhamos em 2025 um calend\u00e1rio de inaugura\u00e7\u00f5es e entregas. Nosso foco est\u00e1 no trabalho conjunto para fazer as entregas que prometemos&#8221;, afirmou o ministro Rui Costa.<\/p>\n<p>\u201cEssa \u00e9 uma reuni\u00e3o ideal para dar uma reorganiza\u00e7\u00e3o e atualiza\u00e7\u00e3o das nossas a\u00e7\u00f5es, e imagino que para o governo federal tamb\u00e9m tenha ampla import\u00e2ncia. \u00c9 um momento \u00fatil para dar andamento a a\u00e7\u00f5es que precisam ser cuidadosas. Agrade\u00e7o ao governo federal e ao ministro Rui por tudo que temos conseguido fazer juntos para o nosso Estado\u201d, revelou a governadora Raquel Lyra.<\/p>\n<p>Entre as obras, est\u00e3o mais de 62 mil unidades habitacionais, do Minha Casa Minha Vida; a Adutora do Agreste; as barragens de Gatos, Panela II, Igarapeba e Barra de Guabiraba, para conten\u00e7\u00e3o de cheias; o Canal do Fragoso, em Olinda, para acabar os alagamentos; o estudo para a requalifica\u00e7\u00e3o do metr\u00f4 do Recife; a duplica\u00e7\u00e3o da BR-232; implementa\u00e7\u00e3o do ramal Salgueiro-Suape da ferrovia Transnordestina; e a constru\u00e7\u00e3o de duas maternidades, a de Ouricuri, no Sert\u00e3o, e outra em Garanhuns, no Agreste.<\/p>\n<p>J\u00e1 o prefeito Jo\u00e3o Campos n\u00e3o tem tantos recursos do governo federal para rivalizar com a governadora. No momento, sua principal obra \u00e9 o Hospital da Crian\u00e7a do Recife, que recebeu recursos de R$ 116 milh\u00f5es do Minist\u00e9rio da Sa\u00fade e da Prefeitura. Com 75% de suas obras conclu\u00eddas, a nova unidade dever\u00e1 ser inaugurada no primeiro semestre do pr\u00f3ximo ano.<\/p>\n<p>As conversas entre Rui Costa e Raquel Lyra, no entanto, foram al\u00e9m das obras do PAC. A miss\u00e3o do ministro tamb\u00e9m incluia atrair a governadora para a base do governo Lula, o que deve ocorrer com a troca do PSDB pelo PSD por Raquel Lyra, o que pode fazer da governadora uma aliada do governo federal com vistas tamb\u00e9m \u00e0s elei\u00e7\u00f5es de 2026.<\/p>\n<p>Durante entrevista coletiva, perguntado se havia convencido a governadora a passar para a base do governo, Costa lhe dispensou tratamento de companheira: &#8220;N\u00e3o precisei convencer. Sempre considerei ela da base, e ela nunca me disse o contr\u00e1rio. J\u00e1 que eu nunca tive, nem nunca vi depoimento dela dizendo que n\u00e3o \u00e9 da base, considero que sempre foi e continuar\u00e1 sendo, at\u00e9 porque eu brinco com ela que o estado de Pernambuco talvez seja um dos estados mais bem contemplados no PAC\u201d.<\/p>\n<p>Ao final da visita de Rui Costa a Pernambuco, Raquel Lyra viajou para Bras\u00edlia de carona no avi\u00e3o do ministro. Nesta quinta-feira (28), ela participa do f\u00f3rum nacional de governadores.<\/p>\n","protected":false},"excerpt":{"rendered":"<p>O ministro-chefe da Casa Civil da Presid\u00eancia da Rep\u00fablica, Rui Costa, acompanhando dos seus colegas da Integra\u00e7\u00e3o e do Desenvolvimento Regional, Waldez G\u00f3es, e da Ci\u00eancia e Tecnologia, Luciana Santos, passou dois dias no Recife em reuni\u00f5es com a governadora Raquel Lyra (PSDB) e com prefeitos de Pernambuco irrigando o governo estadual e prefeituras com [&hellip;]<\/p>\n","protected":false},"author":2,"featured_media":341905,"comment_status":"closed","ping_status":"closed","sticky":false,"template":"","format":"standard","meta":{"_acf_changed":false,"footnotes":""},"categories":[165],"tags":[],"class_list":["post-341904","post","type-post","status-publish","format-standard","has-post-thumbnail","hentry","category-nordeste"],"acf":[],"_links":{"self":[{"href":"https:\/\/www.notibras.com\/site\/wp-json\/wp\/v2\/posts\/341904","targetHints":{"allow":["GET"]}}],"collection":[{"href":"https:\/\/www.notibras.com\/site\/wp-json\/wp\/v2\/posts"}],"about":[{"href":"https:\/\/www.notibras.com\/site\/wp-json\/wp\/v2\/types\/post"}],"author":[{"embeddable":true,"href":"https:\/\/www.notibras.com\/site\/wp-json\/wp\/v2\/users\/2"}],"replies":[{"embeddable":true,"href":"https:\/\/www.notibras.com\/site\/wp-json\/wp\/v2\/comments?post=341904"}],"version-history":[{"count":3,"href":"https:\/\/www.notibras.com\/site\/wp-json\/wp\/v2\/posts\/341904\/revisions"}],"predecessor-version":[{"id":341908,"href":"https:\/\/www.notibras.com\/site\/wp-json\/wp\/v2\/posts\/341904\/revisions\/341908"}],"wp:featuredmedia":[{"embeddable":true,"href":"https:\/\/www.notibras.com\/site\/wp-json\/wp\/v2\/media\/341905"}],"wp:attachment":[{"href":"https:\/\/www.notibras.com\/site\/wp-json\/wp\/v2\/media?parent=341904"}],"wp:term":[{"taxonomy":"category","embeddable":true,"href":"https:\/\/www.notibras.com\/site\/wp-json\/wp\/v2\/categories?post=341904"},{"taxonomy":"post_tag","embeddable":true,"href":"https:\/\/www.notibras.com\/site\/wp-json\/wp\/v2\/tags?post=341904"}],"curies":[{"name":"wp","href":"https:\/\/api.w.org\/{rel}","templated":true}]}}