{"id":341909,"date":"2024-11-28T00:17:28","date_gmt":"2024-11-28T03:17:28","guid":{"rendered":"https:\/\/www.notibras.com\/site\/?p=341909"},"modified":"2024-11-28T04:19:56","modified_gmt":"2024-11-28T07:19:56","slug":"temporais-matam-soterram-e-continua-alerta-de-chuvas-intensas","status":"publish","type":"post","link":"https:\/\/www.notibras.com\/site\/temporais-matam-soterram-e-continua-alerta-de-chuvas-intensas\/","title":{"rendered":"Temporais matam, soterram e continua alerta de chuvas intensas"},"content":{"rendered":"<p>O Instituto Nacional de Meteorologia (Inmet) emitiu, nesta quarta-feira (27), aviso de acumulado de chuva para Salvador e outras cidades baianas. O grau de severidade foi classificado como perigo e o alerta vale at\u00e9 esta quinta-feira (28).<\/p>\n<p>A previs\u00e3o \u00e9 de chuva que pode variar de 30 a 60 mil\u00edmetros por hora (mm\/h) ou de 50 a 100 mil\u00edmetros por dia (mm\/dia). H\u00e1 risco de alagamentos, deslizamento de encostas e transbordamento de rios.Uma pessoa morreu na quarta-feira, 27, v\u00edtim das huvas. Foram rvelados deslizamentos e soterramentos em diversas \u00e1reas da cidade.<\/p>\n<p>As orienta\u00e7\u00f5es para a popula\u00e7\u00e3o incluem observar altera\u00e7\u00e3o nas encostas; e, se poss\u00edvel, desligar aparelhos el\u00e9tricos e quadro geral de energia. \u201cEm caso de situa\u00e7\u00e3o de inunda\u00e7\u00e3o, ou similar, proteja seus pertences da \u00e1gua envoltos em sacos pl\u00e1sticos. Obtenha mais informa\u00e7\u00f5es junto \u00e0 Defesa Civil (telefone 199) e ao Corpo de Bombeiros (telefone 193)\u201d, destacou o instituto.<\/p>\n<p>Dentre os munic\u00edpios afetados pelo aviso est\u00e3o Ara\u00e7\u00e1s, Aratu\u00edpe, Cachoeira, Cairu, Cama\u00e7ari, Candeias, Cardeal da Silva, Catu, Conde, Dias D\u2019\u00c1vila, Entre Rios, Esplanada, Itanagra, Itaparica, Jaguaripe, Laje, Lauro de Freitas, Madre de Deus, Maragogipe, Mata de S\u00e3o Jo\u00e3o, Muniz Ferreira, Nazar\u00e9, Pojuca, Presidente Tancredo Neves, Salinas da Margarida, Santo Amaro, S\u00e3o Felipe, S\u00e3o Francisco do Conde, S\u00e3o Sebasti\u00e3o do Pass\u00e9, Saubara, Sim\u00f5es Filho, Tapero\u00e1, Valen\u00e7a e Vera Cruz e a pr\u00f3pria capital..<\/p>\n<p><strong>Temporais<\/strong><br \/>\nA capital baiana registrou mais de 219 mil\u00edmetros de chuvas nas \u00faltimas 72 horas, o dobro da m\u00e9dia hist\u00f3rica.<\/p>\n<p>Em alguns locais j\u00e1 choveu mais que o triplo da m\u00e9dia para o m\u00eas, como \u00e9 o caso da avenida San Martin e Retiro, que ultrapassaram os 360 mm de chuva.<\/p>\n<p>Por causa do temporal, a prefeitura mobilizou equipes de v\u00e1rios \u00f3rg\u00e3os para reduzir os impactos das chuvas. Nos \u00faltimos tr\u00eas dias, ocorreram cerca de 270 pedidos de ajuda, a maior parte por causa de deslizamentos de terra ou amea\u00e7as de deslizamento.<\/p>\n<p>Na manh\u00e3 desta quarta-feira (27), a prefeitura contabilizou mais 30 mm em bairros da regi\u00e3o norte, deixando o solo bastante encharcado. As sirenes de cinco bairros foram acionadas e os abrigos est\u00e3o recebendo as fam\u00edlias que vivem em \u00e1reas de risco.<\/p>\n<p>Um deslizamento foi confirmado pela prefeitura. Relatos apontam ao menos 10 casas soterradas na regi\u00e3o da Saramandaia.<\/p>\n","protected":false},"excerpt":{"rendered":"<p>O Instituto Nacional de Meteorologia (Inmet) emitiu, nesta quarta-feira (27), aviso de acumulado de chuva para Salvador e outras cidades baianas. O grau de severidade foi classificado como perigo e o alerta vale at\u00e9 esta quinta-feira (28). A previs\u00e3o \u00e9 de chuva que pode variar de 30 a 60 mil\u00edmetros por hora (mm\/h) ou de [&hellip;]<\/p>\n","protected":false},"author":2,"featured_media":341910,"comment_status":"closed","ping_status":"closed","sticky":false,"template":"","format":"standard","meta":{"_acf_changed":false,"footnotes":""},"categories":[165],"tags":[],"class_list":["post-341909","post","type-post","status-publish","format-standard","has-post-thumbnail","hentry","category-nordeste"],"acf":[],"_links":{"self":[{"href":"https:\/\/www.notibras.com\/site\/wp-json\/wp\/v2\/posts\/341909","targetHints":{"allow":["GET"]}}],"collection":[{"href":"https:\/\/www.notibras.com\/site\/wp-json\/wp\/v2\/posts"}],"about":[{"href":"https:\/\/www.notibras.com\/site\/wp-json\/wp\/v2\/types\/post"}],"author":[{"embeddable":true,"href":"https:\/\/www.notibras.com\/site\/wp-json\/wp\/v2\/users\/2"}],"replies":[{"embeddable":true,"href":"https:\/\/www.notibras.com\/site\/wp-json\/wp\/v2\/comments?post=341909"}],"version-history":[{"count":1,"href":"https:\/\/www.notibras.com\/site\/wp-json\/wp\/v2\/posts\/341909\/revisions"}],"predecessor-version":[{"id":341911,"href":"https:\/\/www.notibras.com\/site\/wp-json\/wp\/v2\/posts\/341909\/revisions\/341911"}],"wp:featuredmedia":[{"embeddable":true,"href":"https:\/\/www.notibras.com\/site\/wp-json\/wp\/v2\/media\/341910"}],"wp:attachment":[{"href":"https:\/\/www.notibras.com\/site\/wp-json\/wp\/v2\/media?parent=341909"}],"wp:term":[{"taxonomy":"category","embeddable":true,"href":"https:\/\/www.notibras.com\/site\/wp-json\/wp\/v2\/categories?post=341909"},{"taxonomy":"post_tag","embeddable":true,"href":"https:\/\/www.notibras.com\/site\/wp-json\/wp\/v2\/tags?post=341909"}],"curies":[{"name":"wp","href":"https:\/\/api.w.org\/{rel}","templated":true}]}}