{"id":341912,"date":"2024-11-28T00:48:31","date_gmt":"2024-11-28T03:48:31","guid":{"rendered":"https:\/\/www.notibras.com\/site\/?p=341912"},"modified":"2024-11-28T09:51:05","modified_gmt":"2024-11-28T12:51:05","slug":"piscicultores-debatem-desenvolvimento-da-cadeia-produtiva","status":"publish","type":"post","link":"https:\/\/www.notibras.com\/site\/piscicultores-debatem-desenvolvimento-da-cadeia-produtiva\/","title":{"rendered":"Piscicultores debatem desenvolvimento da cadeia produtiva"},"content":{"rendered":"<p>O 18\u00ba Encontro de Piscicultores do Distrito Federal e Entorno, promovido pela Emater-DF nesta quarta-feira (27), contou com produtores, t\u00e9cnicos e representantes de \u00f3rg\u00e3os governamentais para discutir as potencialidades, desafios e avan\u00e7os necess\u00e1rios para o fortalecimento da aquicultura na regi\u00e3o. O evento foi realizado na Piscicultura Olimpo, localizada no N\u00facleo Rural Ponte Alta, no Gama. Em 2023, a produ\u00e7\u00e3o de pescados no DF foi de mais de 2 mil toneladas.<\/p>\n<p>Na abertura, o coordenador do programa de Aquicultura da Emater-DF, Adalmyr Borges, ressaltou a relev\u00e2ncia do encontro para a integra\u00e7\u00e3o da cadeia produtiva. \u201cBras\u00edlia tem um dos maiores consumos per capita de pescado do pa\u00eds, mas ainda enfrentamos desafios como a informalidade e os altos custos de produ\u00e7\u00e3o. Este evento \u00e9 um espa\u00e7o para troca de experi\u00eancias e para discutirmos solu\u00e7\u00f5es conjuntas, como o cooperativismo e a busca por novos canais de comercializa\u00e7\u00e3o, incluindo compras governamentais voltadas para alimenta\u00e7\u00e3o escolar\u201d, pontuou.<\/p>\n<p>O encontro tamb\u00e9m incluiu relatos de casos de sucesso, como o da fam\u00edlia de piscicultores do Parano\u00e1, que demonstrou como a organiza\u00e7\u00e3o familiar e o uso de tecnologias podem aumentar a efici\u00eancia produtiva. A\u00e9cio Borges, gerente da Emater-DF em Ceil\u00e2ndia, contou a hist\u00f3ria tamb\u00e9m de sucesso dos produtores Ademir e S\u00f4nia Gomes, que trocaram hortali\u00e7as pela produ\u00e7\u00e3o de peixes e hoje s\u00e3o refer\u00eancia.<\/p>\n<p>Cleison Duval, presidente da Emater-DF, refor\u00e7ou a import\u00e2ncia da uni\u00e3o para superar obst\u00e1culos e aproveitar as oportunidades que o setor oferece. \u201cAs oportunidades est\u00e3o batendo \u00e0 nossa porta, mas precisamos estar preparados para abra\u00e7\u00e1-las. \u00c9 essencial que todos os atores da cadeia produtiva trabalhem juntos, desde o licenciamento ambiental at\u00e9 o apoio t\u00e9cnico e a comercializa\u00e7\u00e3o. Nossa miss\u00e3o \u00e9 fazer da piscicultura uma atividade cada vez mais sustent\u00e1vel e rent\u00e1vel no DF\u201d, afirmou.<\/p>\n<p>Guilherme Gon\u00e7alves, presidente da C\u00e2mara Setorial de Aquicultura e anfitri\u00e3o do evento, destacou o papel da piscicultura como fonte de renda e desenvolvimento sustent\u00e1vel. \u201cEste encontro \u00e9 para n\u00f3s, piscicultores. \u00c9 um momento de aprendizado e troca, onde fortalecemos nossa rede e planejamos o futuro da aquicultura na regi\u00e3o. \u00c9 uma honra receber todos aqui em nossa piscicultura, que \u00e9 a realiza\u00e7\u00e3o de um sonho constru\u00eddo com muito trabalho\u201d, declarou.<\/p>\n<p>Durante a visita t\u00e9cnica \u00e0s instala\u00e7\u00f5es da Piscicultura Olimpo, os participantes tiveram a oportunidade de conhecer pr\u00e1ticas inovadoras e sustent\u00e1veis na produ\u00e7\u00e3o de pescado. A programa\u00e7\u00e3o da tarde incluiu a reuni\u00e3o da C\u00e2mara Setorial de Aquicultura do DF, que debateu a inclus\u00e3o de pescado nas compras institucionais e outros temas estrat\u00e9gicos para o setor.<\/p>\n<p>O presidente do Instituto Bras\u00edlia Ambiental, R\u00f4ney Nemer, destacou a parceria entre o \u00f3rg\u00e3o e a Emater-DF para superar desafios relacionados ao licenciamento ambiental. \u201cEstamos aqui para colaborar e encontrar solu\u00e7\u00f5es que permitam a sustentabilidade da atividade, sem burocracias excessivas. A piscicultura \u00e9 essencial para o desenvolvimento rural e merece nosso total apoio\u201d, afirmou.<\/p>\n<p>O subsecret\u00e1rio de Pesca da Secretaria de Meio Ambiente (Sema-DF), Edson Pereira, ressaltou a import\u00e2ncia de um programa integrado para impulsionar a aquicultura no DF. \u201cO setor precisa de um plano de governo robusto, com parceiros unidos em prol de um projeto que v\u00e1 al\u00e9m das dificuldades atuais. O potencial da aquicultura no Distrito Federal \u00e9 imenso, e estamos aqui para transform\u00e1-lo em realidade\u201d, disse.<\/p>\n<p>\u201cSempre acreditei que podemos transformar o Brasil e muito na produ\u00e7\u00e3o de pescado. A gente precisa colocar a aquicultura no Brasil como propriedade, por isso aceitei esse desafio\u201d, afirmou o diretor nacional de Aquicultura em exerc\u00edcio, Paulo Faria.<\/p>\n","protected":false},"excerpt":{"rendered":"<p>O 18\u00ba Encontro de Piscicultores do Distrito Federal e Entorno, promovido pela Emater-DF nesta quarta-feira (27), contou com produtores, t\u00e9cnicos e representantes de \u00f3rg\u00e3os governamentais para discutir as potencialidades, desafios e avan\u00e7os necess\u00e1rios para o fortalecimento da aquicultura na regi\u00e3o. O evento foi realizado na Piscicultura Olimpo, localizada no N\u00facleo Rural Ponte Alta, no Gama. [&hellip;]<\/p>\n","protected":false},"author":2,"featured_media":341913,"comment_status":"closed","ping_status":"closed","sticky":false,"template":"","format":"standard","meta":{"_acf_changed":false,"footnotes":""},"categories":[161],"tags":[],"class_list":["post-341912","post","type-post","status-publish","format-standard","has-post-thumbnail","hentry","category-quadradinho-em-foco"],"acf":[],"_links":{"self":[{"href":"https:\/\/www.notibras.com\/site\/wp-json\/wp\/v2\/posts\/341912","targetHints":{"allow":["GET"]}}],"collection":[{"href":"https:\/\/www.notibras.com\/site\/wp-json\/wp\/v2\/posts"}],"about":[{"href":"https:\/\/www.notibras.com\/site\/wp-json\/wp\/v2\/types\/post"}],"author":[{"embeddable":true,"href":"https:\/\/www.notibras.com\/site\/wp-json\/wp\/v2\/users\/2"}],"replies":[{"embeddable":true,"href":"https:\/\/www.notibras.com\/site\/wp-json\/wp\/v2\/comments?post=341912"}],"version-history":[{"count":1,"href":"https:\/\/www.notibras.com\/site\/wp-json\/wp\/v2\/posts\/341912\/revisions"}],"predecessor-version":[{"id":341914,"href":"https:\/\/www.notibras.com\/site\/wp-json\/wp\/v2\/posts\/341912\/revisions\/341914"}],"wp:featuredmedia":[{"embeddable":true,"href":"https:\/\/www.notibras.com\/site\/wp-json\/wp\/v2\/media\/341913"}],"wp:attachment":[{"href":"https:\/\/www.notibras.com\/site\/wp-json\/wp\/v2\/media?parent=341912"}],"wp:term":[{"taxonomy":"category","embeddable":true,"href":"https:\/\/www.notibras.com\/site\/wp-json\/wp\/v2\/categories?post=341912"},{"taxonomy":"post_tag","embeddable":true,"href":"https:\/\/www.notibras.com\/site\/wp-json\/wp\/v2\/tags?post=341912"}],"curies":[{"name":"wp","href":"https:\/\/api.w.org\/{rel}","templated":true}]}}