{"id":341921,"date":"2024-11-28T10:19:31","date_gmt":"2024-11-28T13:19:31","guid":{"rendered":"https:\/\/www.notibras.com\/site\/?p=341921"},"modified":"2024-11-28T10:21:44","modified_gmt":"2024-11-28T13:21:44","slug":"pililico-o-gato-de-rua-que-ganhou-casa-e-devora-petiscos-de-salmao","status":"publish","type":"post","link":"https:\/\/www.notibras.com\/site\/pililico-o-gato-de-rua-que-ganhou-casa-e-devora-petiscos-de-salmao\/","title":{"rendered":"Pililico, o gato de rua que ganhou casa e devora petiscos de salm\u00e3o"},"content":{"rendered":"<p>Tanto nome, e a minha filha calhou de colocar o nome do gato de Pililico. Nem sei se ele gosta, ao menos n\u00e3o faz a menor quest\u00e3o de demonstrar, ainda mais porque nunca atende. Quer dizer, se coloco uma sardinha no seu prato, o bichano vem correndo, aquele rabo felpudo em p\u00e9. Passa por entre as minhas pernas, provavelmente como forma de agradecimento. Se bem que j\u00e1 me falaram que felinos s\u00e3o indiferentes, que fazem o que querem, que s\u00e3o pregui\u00e7osos e s\u00f3 se aproximam quando desejam algo.<\/p>\n<p>Esp\u00e9cie mais esquisita. Vai ver que \u00e9 por isso que escritores gostam tanto. Sei que o Daniel Marchi adora, inclusive teve uma de nome Sula. Ser\u00e1 que ela atendia ou, ent\u00e3o, era da estirpe do Pililico? Desconfio que o Daniel, apesar de poeta e escritor talentos\u00edssimo, era feito de gato e sapato pela bichana.<\/p>\n<p>Mas voltemos ao gato daqui de casa. Antes \u00e9 melhor falar um pouco sobre a Marg\u00f4, minha filha que, aos seis anos, mal sabe pronunciar paralelep\u00edpedo, quanto mais inconstitucionalissimamente. Talvez seja por isso que ela tenha escolhido esse nome t\u00e3o incomum para um bichano.<\/p>\n<p>Pois voltemos, direto do sof\u00e1 da sala, cheio de marcas de unhadas do Pililico. Eis que c\u00e1 estou tentando entender como \u00e9 que esse m\u00f3vel, que me custou os olhos da cara, e que eu esperava ser o local para me esparramar logo ap\u00f3s os almo\u00e7os de domingo, foi se transformar em propriedade desse sujeito que nem sequer atende pela alcunha de Pililico. Um d\u00e9spota!<\/p>\n<p>Minha mulher parece que resolveu tomar partido do salafr\u00e1rio, tanto \u00e9 que, vez ou outra, me telefona para que eu n\u00e3o me esque\u00e7a de comprar petiscos para o gato. Pior! O pilantra ainda tem o paladar mais exigente do que o meu.<\/p>\n<p>\u2014 J\u00falio, de salm\u00e3o! Caso n\u00e3o tenha, traga de carne, mas n\u00e3o de frango, que o Pililico n\u00e3o gosta.<\/p>\n<p>E l\u00e1 vou eu atr\u00e1s de quitutes para um bicho que, at\u00e9 h\u00e1 pouco tempo, vivia nas ruas correndo atr\u00e1s de ratos para sobreviver. Antes a Marg\u00f4 tivesse encontrado um cachorro. Bastaria pedir um osso no a\u00e7ougue da esquina para faz\u00ea-lo feliz.<\/p>\n<p>Enquanto tento concluir minhas lam\u00farias, o Pililico me encara. Ele aperta os olhos, ao mesmo tempo em que se espregui\u00e7a todo. Nisso, o safado se aproxima e come\u00e7a a se esfregar nas minhas pernas. De repente, pula no meu colo e come\u00e7a a ronronar. Logo estamos nos encarando. N\u00e3o resisto e acaricio seu pelo. Poxa, como o danado \u00e9 bonito!<\/p>\n<p>&#8230;&#8230;&#8230;&#8230;&#8230;&#8230;&#8230;&#8230;&#8230;&#8230;<\/p>\n<p><strong>*Eduardo Mart\u00ednez \u00e9 autor do livro \u201c57 Contos e Cr\u00f4nicas por um Autor muito Velho\u201d.<\/strong><\/p>\n<div class=\"mvp-post-soc-in\">\n<div id=\"mvp-content-body\" class=\"left relative\">\n<div id=\"mvp-content-body-top\" class=\"left relative\">\n<div id=\"mvp-content-main\" class=\"left relative\">\n<p>Compre aqui\u00a0<span class=\"x19la9d6 x1fc57z9 x6ikm8r x10wlt62 x19co3pv x1g5zs5t xfibh0p xiy17q3 x1xsqp64 x1lkfr7t xexx8yu x4uap5 x18d9i69 xkhd6sd\"><span class=\"xrtxmta x1bhl96m\"><img decoding=\"async\" class=\"emoji\" role=\"img\" draggable=\"false\" src=\"https:\/\/s.w.org\/images\/core\/emoji\/14.0.0\/svg\/1f447-1f3ff.svg\" alt=\"&#x1f447;&#x1f3ff;\" \/><\/span><\/span><span class=\"x19la9d6 x1fc57z9 x6ikm8r x10wlt62 x19co3pv x1g5zs5t xfibh0p xiy17q3 x1xsqp64 x1lkfr7t xexx8yu x4uap5 x18d9i69 xkhd6sd\"><span class=\"xrtxmta x1bhl96m\"><img decoding=\"async\" class=\"emoji\" role=\"img\" draggable=\"false\" src=\"https:\/\/s.w.org\/images\/core\/emoji\/14.0.0\/svg\/1f447-1f3ff.svg\" alt=\"&#x1f447;&#x1f3ff;\" \/><\/span><\/span><span class=\"x19la9d6 x1fc57z9 x6ikm8r x10wlt62 x19co3pv x1g5zs5t xfibh0p xiy17q3 x1xsqp64 x1lkfr7t xexx8yu x4uap5 x18d9i69 xkhd6sd\"><span class=\"xrtxmta x1bhl96m\"><img decoding=\"async\" class=\"emoji\" role=\"img\" draggable=\"false\" src=\"https:\/\/s.w.org\/images\/core\/emoji\/14.0.0\/svg\/1f447-1f3ff.svg\" alt=\"&#x1f447;&#x1f3ff;\" \/><\/span><\/span><\/p>\n<p><a href=\"http:\/\/www.joanineditora.com.br\/57-contos-e-cronicas-por-um-autor-muito-velho\">http:\/\/www.joanineditora.com.br\/57-contos-e-cronicas-por-um-autor-muito-velho<\/a><\/p>\n<\/div>\n<\/div>\n<\/div>\n<\/div>\n","protected":false},"excerpt":{"rendered":"<p>Tanto nome, e a minha filha calhou de colocar o nome do gato de Pililico. Nem sei se ele gosta, ao menos n\u00e3o faz a menor quest\u00e3o de demonstrar, ainda mais porque nunca atende. Quer dizer, se coloco uma sardinha no seu prato, o bichano vem correndo, aquele rabo felpudo em p\u00e9. Passa por entre [&hellip;]<\/p>\n","protected":false},"author":2,"featured_media":341922,"comment_status":"closed","ping_status":"closed","sticky":false,"template":"","format":"standard","meta":{"_acf_changed":false,"footnotes":""},"categories":[161],"tags":[],"class_list":["post-341921","post","type-post","status-publish","format-standard","has-post-thumbnail","hentry","category-quadradinho-em-foco"],"acf":[],"_links":{"self":[{"href":"https:\/\/www.notibras.com\/site\/wp-json\/wp\/v2\/posts\/341921","targetHints":{"allow":["GET"]}}],"collection":[{"href":"https:\/\/www.notibras.com\/site\/wp-json\/wp\/v2\/posts"}],"about":[{"href":"https:\/\/www.notibras.com\/site\/wp-json\/wp\/v2\/types\/post"}],"author":[{"embeddable":true,"href":"https:\/\/www.notibras.com\/site\/wp-json\/wp\/v2\/users\/2"}],"replies":[{"embeddable":true,"href":"https:\/\/www.notibras.com\/site\/wp-json\/wp\/v2\/comments?post=341921"}],"version-history":[{"count":2,"href":"https:\/\/www.notibras.com\/site\/wp-json\/wp\/v2\/posts\/341921\/revisions"}],"predecessor-version":[{"id":341924,"href":"https:\/\/www.notibras.com\/site\/wp-json\/wp\/v2\/posts\/341921\/revisions\/341924"}],"wp:featuredmedia":[{"embeddable":true,"href":"https:\/\/www.notibras.com\/site\/wp-json\/wp\/v2\/media\/341922"}],"wp:attachment":[{"href":"https:\/\/www.notibras.com\/site\/wp-json\/wp\/v2\/media?parent=341921"}],"wp:term":[{"taxonomy":"category","embeddable":true,"href":"https:\/\/www.notibras.com\/site\/wp-json\/wp\/v2\/categories?post=341921"},{"taxonomy":"post_tag","embeddable":true,"href":"https:\/\/www.notibras.com\/site\/wp-json\/wp\/v2\/tags?post=341921"}],"curies":[{"name":"wp","href":"https:\/\/api.w.org\/{rel}","templated":true}]}}