{"id":341968,"date":"2024-11-29T00:01:11","date_gmt":"2024-11-29T03:01:11","guid":{"rendered":"https:\/\/www.notibras.com\/site\/?p=341968"},"modified":"2024-11-29T06:49:05","modified_gmt":"2024-11-29T09:49:05","slug":"brasilia-leva-duas-pratas-no-handebol-dos-jogos-da-juventude-2024","status":"publish","type":"post","link":"https:\/\/www.notibras.com\/site\/brasilia-leva-duas-pratas-no-handebol-dos-jogos-da-juventude-2024\/","title":{"rendered":"Bras\u00edlia leva duas pratas no handebol dos Jogos da Juventude 2024"},"content":{"rendered":"<p>No \u00faltimo dia dos Jogos da Juventude 2024, o Distrito Federal marcou presen\u00e7a em duas finais do handebol. Os times feminino e masculino da capital federal entraram em quadra nesta quinta-feira (28) com uma campanha invicta, mas acabaram perdendo o \u00faltimo jogo e ficaram com a medalha de prata. O segundo lugar, no entanto, n\u00e3o tira o brilho do desempenho que conseguiu colocar ambos os times na segunda divis\u00e3o da competi\u00e7\u00e3o no ano que vem.<\/p>\n<p>\u201cA gente fica chateado com a derrota, mas nosso primeiro objetivo era subir de divis\u00e3o e n\u00f3s o conquistamos. Temos um grupo de professores em Bras\u00edlia que est\u00e1 tentando mudar o patamar do handebol de Bras\u00edlia e essa conquista faz parte desse caminho. Nossa equipe sub-17 \u00e9 boa e competitiva, e o pr\u00f3ximo passo \u00e9 fazer uma boa campanha ano que vem na segunda divis\u00e3o\u201d, avalia o t\u00e9cnico do time masculino, Felipe Cardoso, que \u00e9 professor no Centro de Inicia\u00e7\u00e3o Desportiva (CID) de Brazl\u00e2ndia.<\/p>\n<p>A equipe masculina, formada em sua maioria por estudantes de escolas p\u00fablicas do DF, perdeu a final para o Cear\u00e1 por 20 a 15. O time ficou todo o primeiro tempo atr\u00e1s no placar. No segundo per\u00edodo do jogo, chegou a empatar, mas a vit\u00f3ria n\u00e3o veio. \u201cLevo uma experi\u00eancia muito legal do meu primeiro e \u00faltimo Jogos da Juventude. N\u00e3o sa\u00edmos com a vit\u00f3ria, mas foi muito legal participar\u201d, disse o estudante do Centro de Ensino M\u00e9dio (CEM) 123 de Samambaia, Pedro Henrique Souza, de 17 anos.<\/p>\n<p>Do lado da equipe feminina, em um jogo emocionante, as meninas do DF, que chegaram a virar o placar no segundo tempo, perderam de 26\u00d725 para a equipe do Maranh\u00e3o. A estudante do Centro Educacional (CED) 06 de Ceil\u00e2ndia e goleira da equipe, Lorena Dias, de 17 anos, participa pela segunda vez dos Jogos da Juventude e se despede da competi\u00e7\u00e3o este ano.<\/p>\n<p>\u201cAno passado a gente ficou em 6\u00ba lugar e esse ano a gente veio mais focada, com a mente no lugar certo, e conseguimos chegar at\u00e9 a final. O fato de a gente ter chegado at\u00e9 aqui, ter subido de divis\u00e3o, me deixou muito feliz porque \u00e9 o meu \u00faltimo ano\u201d, avalia.<\/p>\n<p>Lorena conheceu o handebol na escola, por uma amiga que a convidou para jogar. \u201cComecei com 12 anos, hoje treino no Clube da Ceil\u00e2ndia. Ainda n\u00e3o sei se quero seguir no esporte, mas penso em fazer uma faculdade de educa\u00e7\u00e3o f\u00edsica ou gest\u00e3o p\u00fablica\u201d, planeja.<\/p>\n<p><strong>V\u00f4lei<\/strong><br \/>\nO \u00faltimo dia de competi\u00e7\u00f5es em Jo\u00e3o Pessoa tamb\u00e9m reservou emo\u00e7\u00f5es para os times de v\u00f4lei do DF. A equipe feminina ficou com o quarto lugar da segunda divis\u00e3o ap\u00f3s perder a disputa do bronze para o time do Mato Grosso do Sul por 2 sets a 0. J\u00e1 os meninos da capital federal ficaram na oitava coloca\u00e7\u00e3o.<\/p>\n","protected":false},"excerpt":{"rendered":"<p>No \u00faltimo dia dos Jogos da Juventude 2024, o Distrito Federal marcou presen\u00e7a em duas finais do handebol. Os times feminino e masculino da capital federal entraram em quadra nesta quinta-feira (28) com uma campanha invicta, mas acabaram perdendo o \u00faltimo jogo e ficaram com a medalha de prata. O segundo lugar, no entanto, n\u00e3o [&hellip;]<\/p>\n","protected":false},"author":2,"featured_media":341969,"comment_status":"closed","ping_status":"closed","sticky":false,"template":"","format":"standard","meta":{"_acf_changed":false,"footnotes":""},"categories":[161],"tags":[],"class_list":["post-341968","post","type-post","status-publish","format-standard","has-post-thumbnail","hentry","category-quadradinho-em-foco"],"acf":[],"_links":{"self":[{"href":"https:\/\/www.notibras.com\/site\/wp-json\/wp\/v2\/posts\/341968","targetHints":{"allow":["GET"]}}],"collection":[{"href":"https:\/\/www.notibras.com\/site\/wp-json\/wp\/v2\/posts"}],"about":[{"href":"https:\/\/www.notibras.com\/site\/wp-json\/wp\/v2\/types\/post"}],"author":[{"embeddable":true,"href":"https:\/\/www.notibras.com\/site\/wp-json\/wp\/v2\/users\/2"}],"replies":[{"embeddable":true,"href":"https:\/\/www.notibras.com\/site\/wp-json\/wp\/v2\/comments?post=341968"}],"version-history":[{"count":1,"href":"https:\/\/www.notibras.com\/site\/wp-json\/wp\/v2\/posts\/341968\/revisions"}],"predecessor-version":[{"id":341970,"href":"https:\/\/www.notibras.com\/site\/wp-json\/wp\/v2\/posts\/341968\/revisions\/341970"}],"wp:featuredmedia":[{"embeddable":true,"href":"https:\/\/www.notibras.com\/site\/wp-json\/wp\/v2\/media\/341969"}],"wp:attachment":[{"href":"https:\/\/www.notibras.com\/site\/wp-json\/wp\/v2\/media?parent=341968"}],"wp:term":[{"taxonomy":"category","embeddable":true,"href":"https:\/\/www.notibras.com\/site\/wp-json\/wp\/v2\/categories?post=341968"},{"taxonomy":"post_tag","embeddable":true,"href":"https:\/\/www.notibras.com\/site\/wp-json\/wp\/v2\/tags?post=341968"}],"curies":[{"name":"wp","href":"https:\/\/api.w.org\/{rel}","templated":true}]}}