{"id":341971,"date":"2024-11-29T00:00:52","date_gmt":"2024-11-29T03:00:52","guid":{"rendered":"https:\/\/www.notibras.com\/site\/?p=341971"},"modified":"2024-11-29T06:53:25","modified_gmt":"2024-11-29T09:53:25","slug":"forum-discute-estrategias-para-prevenir-e-combater-incendios-florestais","status":"publish","type":"post","link":"https:\/\/www.notibras.com\/site\/forum-discute-estrategias-para-prevenir-e-combater-incendios-florestais\/","title":{"rendered":"F\u00f3rum discute estrat\u00e9gias para prevenir e combater inc\u00eandios florestais"},"content":{"rendered":"<p>Nesta quinta-feira (28), o audit\u00f3rio da Egov foi o cen\u00e1rio do F\u00f3rum de Preven\u00e7\u00e3o e Combate aos Inc\u00eandios Florestais no Distrito Federal 2024, promovido pela Secretaria do Meio Ambiente (Sema-DF). O encontro destacou a urg\u00eancia de unir esfor\u00e7os para proteger o Cerrado, um dos biomas mais biodiversos e amea\u00e7ados do pa\u00eds, e consolidou estrat\u00e9gias de preven\u00e7\u00e3o e enfrentamento aos inc\u00eandios florestais.<\/p>\n<p>O secret\u00e1rio do Meio Ambiente do DF, Gutemberg Gomes, e o presidente do Bras\u00edlia Ambiental, R\u00f4ney Nemer, participaram da abertura do evento, refor\u00e7ando a import\u00e2ncia da integra\u00e7\u00e3o entre institui\u00e7\u00f5es e sociedade civil. Durante a programa\u00e7\u00e3o, foram apresentados relat\u00f3rios sobre as ocorr\u00eancias de inc\u00eandios e as a\u00e7\u00f5es preventivas realizadas ao longo de 2024. Al\u00e9m disso, especialistas discutiram os desafios enfrentados na preserva\u00e7\u00e3o ambiental e tra\u00e7aram metas para o pr\u00f3ximo ano.<\/p>\n<p>Em seu discurso, Gutemberg Gomes enfatizou a relev\u00e2ncia do trabalho transversal e da uni\u00e3o entre os diversos setores para enfrentar os desafios impostos pelos inc\u00eandios florestais. \u201cProteger o Cerrado n\u00e3o \u00e9 apenas um dever institucional, mas uma miss\u00e3o coletiva. Precisamos somar esfor\u00e7os para que o Distrito Federal continue sendo refer\u00eancia em a\u00e7\u00f5es de combate ao fogo, garantindo a preserva\u00e7\u00e3o de um dos biomas mais importantes do Brasil\u201d, afirmou Gomes.<\/p>\n<p>J\u00e1 a coordenadora do PPCIF, Carolina Schubart, destacou o papel crucial da educa\u00e7\u00e3o e da conscientiza\u00e7\u00e3o na preven\u00e7\u00e3o de inc\u00eandios. \u201cA preven\u00e7\u00e3o \u00e9 a nossa ferramenta mais poderosa. Al\u00e9m de a\u00e7\u00f5es diretas no combate ao fogo, estamos investindo em programas educativos que envolvam a sociedade e promovam uma cultura de preserva\u00e7\u00e3o. Somente assim conseguiremos reduzir os impactos e proteger o Cerrado de forma sustent\u00e1vel\u201d, enfatizou Schubart.<\/p>\n<p>O F\u00f3rum, realizado em conformidade com o Decreto n\u00ba 37.549\/2016, promoveu um espa\u00e7o aberto de di\u00e1logo e transpar\u00eancia. A sociedade civil teve a oportunidade de contribuir ativamente para a formula\u00e7\u00e3o do plano de trabalho do Sistema Distrital de Preven\u00e7\u00e3o e Combate aos Inc\u00eandios Florestais para 2025, que servir\u00e1 como guia para a\u00e7\u00f5es mais eficazes no combate ao fogo no Cerrado.<\/p>\n<p>O evento tamb\u00e9m reafirmou o compromisso do GDF com os Objetivos de Desenvolvimento Sustent\u00e1vel (ODS) da ONU e com a legisla\u00e7\u00e3o ambiental brasileira, destacando a necessidade de alinhar esfor\u00e7os globais e locais para proteger o meio ambiente e garantir um futuro sustent\u00e1vel para as pr\u00f3ximas gera\u00e7\u00f5es.<\/p>\n","protected":false},"excerpt":{"rendered":"<p>Nesta quinta-feira (28), o audit\u00f3rio da Egov foi o cen\u00e1rio do F\u00f3rum de Preven\u00e7\u00e3o e Combate aos Inc\u00eandios Florestais no Distrito Federal 2024, promovido pela Secretaria do Meio Ambiente (Sema-DF). O encontro destacou a urg\u00eancia de unir esfor\u00e7os para proteger o Cerrado, um dos biomas mais biodiversos e amea\u00e7ados do pa\u00eds, e consolidou estrat\u00e9gias de [&hellip;]<\/p>\n","protected":false},"author":2,"featured_media":341972,"comment_status":"closed","ping_status":"closed","sticky":false,"template":"","format":"standard","meta":{"_acf_changed":false,"footnotes":""},"categories":[161],"tags":[],"class_list":["post-341971","post","type-post","status-publish","format-standard","has-post-thumbnail","hentry","category-quadradinho-em-foco"],"acf":[],"_links":{"self":[{"href":"https:\/\/www.notibras.com\/site\/wp-json\/wp\/v2\/posts\/341971","targetHints":{"allow":["GET"]}}],"collection":[{"href":"https:\/\/www.notibras.com\/site\/wp-json\/wp\/v2\/posts"}],"about":[{"href":"https:\/\/www.notibras.com\/site\/wp-json\/wp\/v2\/types\/post"}],"author":[{"embeddable":true,"href":"https:\/\/www.notibras.com\/site\/wp-json\/wp\/v2\/users\/2"}],"replies":[{"embeddable":true,"href":"https:\/\/www.notibras.com\/site\/wp-json\/wp\/v2\/comments?post=341971"}],"version-history":[{"count":1,"href":"https:\/\/www.notibras.com\/site\/wp-json\/wp\/v2\/posts\/341971\/revisions"}],"predecessor-version":[{"id":341973,"href":"https:\/\/www.notibras.com\/site\/wp-json\/wp\/v2\/posts\/341971\/revisions\/341973"}],"wp:featuredmedia":[{"embeddable":true,"href":"https:\/\/www.notibras.com\/site\/wp-json\/wp\/v2\/media\/341972"}],"wp:attachment":[{"href":"https:\/\/www.notibras.com\/site\/wp-json\/wp\/v2\/media?parent=341971"}],"wp:term":[{"taxonomy":"category","embeddable":true,"href":"https:\/\/www.notibras.com\/site\/wp-json\/wp\/v2\/categories?post=341971"},{"taxonomy":"post_tag","embeddable":true,"href":"https:\/\/www.notibras.com\/site\/wp-json\/wp\/v2\/tags?post=341971"}],"curies":[{"name":"wp","href":"https:\/\/api.w.org\/{rel}","templated":true}]}}