{"id":341974,"date":"2024-11-29T00:00:16","date_gmt":"2024-11-29T03:00:16","guid":{"rendered":"https:\/\/www.notibras.com\/site\/?p=341974"},"modified":"2024-11-29T06:59:32","modified_gmt":"2024-11-29T09:59:32","slug":"agentes-de-vigilancia-ambiental-fazem-acao-de-combate-a-dengue","status":"publish","type":"post","link":"https:\/\/www.notibras.com\/site\/agentes-de-vigilancia-ambiental-fazem-acao-de-combate-a-dengue\/","title":{"rendered":"Agentes de Vigil\u00e2ncia Ambiental fazem a\u00e7\u00e3o de combate \u00e0 dengue"},"content":{"rendered":"<p>Mesmo no dia da faxina, a dona de casa K\u00eania Viana, 53, n\u00e3o hesitou em deixar os agentes de Vigil\u00e2ncia Ambiental (Avas) entrarem em sua resid\u00eancia, no Arapoanga. Durante a visita desta quinta-feira (28), os profissionais buscaram por focos do mosquito da dengue, al\u00e9m de repassar orienta\u00e7\u00f5es preventivas. A atividade \u00e9 rotina para a equipe, intensificada durante o per\u00edodo de chuvas e de calor, quando os casos da doen\u00e7a aumentam.<\/p>\n<p>O agente Delvando Francisco de Ara\u00fajo, 45, foi quem passou as informa\u00e7\u00f5es para K\u00eania. O servidor se tornou Avas h\u00e1 oito meses, apesar de a trajet\u00f3ria na sa\u00fade ser mais longa. Ele j\u00e1 atuou como t\u00e9cnico de nutri\u00e7\u00e3o no Hospital da Regi\u00e3o Leste (HRL) por 13 anos, quando descobriu a paix\u00e3o pelo trabalho nas ruas. \u201cGosto muito do que fa\u00e7o hoje. H\u00e1 pessoas que nos recebe, quer conversar e at\u00e9 oferecem caf\u00e9. H\u00e1 tamb\u00e9m aquelas mais desconfiadas, afinal, entramos em sua privacidade\u201d, conta.<\/p>\n<p>Embora, \u00e0s vezes, seja visto como um estranho dentro das casas, Delvando refor\u00e7a que as vistorias e as atividades preventivas s\u00e3o cruciais para eliminar o Aedes aegypti, evitando aumento de ocorr\u00eancias e de hospitaliza\u00e7\u00f5es. \u201cA maior parte da popula\u00e7\u00e3o \u00e9 consciente, por\u00e9m, h\u00e1 uma pequena parcela que \u00e9 mais resistente. Isso acaba prejudicando o coletivo\u201d, diz. \u201cPor exemplo, se o vizinho tiver um foco, o mosquito nasce. Como \u00e9 um inseto que pode voar at\u00e9 300 metros, em v\u00e1rias dire\u00e7\u00f5es, \u00e9 capaz tamb\u00e9m de transmitir a doen\u00e7a para uma rua inteira\u201d, detalha.<\/p>\n<p>K\u00eania assegura que faz a parte dela, principalmente ap\u00f3s toda a fam\u00edlia pegar dengue no ano anterior. \u201cTenho algum entulho de obra, mas todos est\u00e3o virados para baixo. N\u00e3o tenho mais plantas que acumulam \u00e1gua e todos os meus vasos ou est\u00e3o sempre virados ou sem \u00e1gua\u201d, revela.<\/p>\n<p><strong>Dentro das casas<\/strong><br \/>\nPara Ros\u00e2ngela Pereira Paula, Avas h\u00e1 mais de 20 anos, o cargo envolve muitos desafios, mas refor\u00e7a a import\u00e2ncia dos agentes, em especial na preven\u00e7\u00e3o da dengue. \u201cN\u00e3o somos superiores a ningu\u00e9m, mas percebemos detalhes de uma maneira que os pr\u00f3prios donos n\u00e3o conseguem ver. Somos treinados para fazer o trabalho\u201d, enfatiza.<\/p>\n<p>Jos\u00e9 Moraes, 76, abriu as portas de casa para Ros\u00e2ngela. Com diversos c\u00f4modos em obra, ele garante que vai se esfor\u00e7ar para deixar tudo limpo: \u201cVamos tirar todo o entulho amanh\u00e3, n\u00e3o vai ficar nada\u201d, promete.<\/p>\n<p><strong>Atua\u00e7\u00e3o<\/strong><br \/>\nOs Avas trabalham no combate a doen\u00e7as utilizando medidas de controle qu\u00edmico e biol\u00f3gico e de manejo ambiental. Al\u00e9m disso, est\u00e3o envolvidos em a\u00e7\u00f5es voltadas a poss\u00edveis agentes transmissores, incluindo a vacina\u00e7\u00e3o de c\u00e3es e gatos. Esses profissionais s\u00e3o tamb\u00e9m essenciais na preven\u00e7\u00e3o de acidentes com animais pe\u00e7onhentos e controle de pragas.<\/p>\n<p>Reconhecer um Avas \u00e9 f\u00e1cil: s\u00e3o agentes que usam um colete e um chap\u00e9u com abas, os dois da cor marrom-c\u00e1qui. Vestem camiseta branca e est\u00e3o sempre acompanhados de uma bolsa amarela para guardar seu material de trabalho.<\/p>\n<p>No portal da Secretaria de Sa\u00fade (SES-DF), \u00e9 poss\u00edvel acessar uma lista completa dos servi\u00e7os prestados pela Diretoria de Vigil\u00e2ncia Ambiental em Sa\u00fade (Dival), podendo ser acionados pelo n\u00famero (61) 3449-4427 ou pelo Disque-Sa\u00fade 160. No rol, est\u00e1, por exemplo, o recolhimento de morcegos, macacos e micos mortos em resid\u00eancias, entre outros.<\/p>\n","protected":false},"excerpt":{"rendered":"<p>Mesmo no dia da faxina, a dona de casa K\u00eania Viana, 53, n\u00e3o hesitou em deixar os agentes de Vigil\u00e2ncia Ambiental (Avas) entrarem em sua resid\u00eancia, no Arapoanga. Durante a visita desta quinta-feira (28), os profissionais buscaram por focos do mosquito da dengue, al\u00e9m de repassar orienta\u00e7\u00f5es preventivas. A atividade \u00e9 rotina para a equipe, [&hellip;]<\/p>\n","protected":false},"author":2,"featured_media":341975,"comment_status":"closed","ping_status":"closed","sticky":false,"template":"","format":"standard","meta":{"_acf_changed":false,"footnotes":""},"categories":[161],"tags":[],"class_list":["post-341974","post","type-post","status-publish","format-standard","has-post-thumbnail","hentry","category-quadradinho-em-foco"],"acf":[],"_links":{"self":[{"href":"https:\/\/www.notibras.com\/site\/wp-json\/wp\/v2\/posts\/341974","targetHints":{"allow":["GET"]}}],"collection":[{"href":"https:\/\/www.notibras.com\/site\/wp-json\/wp\/v2\/posts"}],"about":[{"href":"https:\/\/www.notibras.com\/site\/wp-json\/wp\/v2\/types\/post"}],"author":[{"embeddable":true,"href":"https:\/\/www.notibras.com\/site\/wp-json\/wp\/v2\/users\/2"}],"replies":[{"embeddable":true,"href":"https:\/\/www.notibras.com\/site\/wp-json\/wp\/v2\/comments?post=341974"}],"version-history":[{"count":1,"href":"https:\/\/www.notibras.com\/site\/wp-json\/wp\/v2\/posts\/341974\/revisions"}],"predecessor-version":[{"id":341976,"href":"https:\/\/www.notibras.com\/site\/wp-json\/wp\/v2\/posts\/341974\/revisions\/341976"}],"wp:featuredmedia":[{"embeddable":true,"href":"https:\/\/www.notibras.com\/site\/wp-json\/wp\/v2\/media\/341975"}],"wp:attachment":[{"href":"https:\/\/www.notibras.com\/site\/wp-json\/wp\/v2\/media?parent=341974"}],"wp:term":[{"taxonomy":"category","embeddable":true,"href":"https:\/\/www.notibras.com\/site\/wp-json\/wp\/v2\/categories?post=341974"},{"taxonomy":"post_tag","embeddable":true,"href":"https:\/\/www.notibras.com\/site\/wp-json\/wp\/v2\/tags?post=341974"}],"curies":[{"name":"wp","href":"https:\/\/api.w.org\/{rel}","templated":true}]}}