{"id":341977,"date":"2024-11-29T00:00:53","date_gmt":"2024-11-29T03:00:53","guid":{"rendered":"https:\/\/www.notibras.com\/site\/?p=341977"},"modified":"2024-11-29T07:08:30","modified_gmt":"2024-11-29T10:08:30","slug":"veja-o-que-abre-e-o-que-fecha-no-feriado-do-dia-do-evangelico","status":"publish","type":"post","link":"https:\/\/www.notibras.com\/site\/veja-o-que-abre-e-o-que-fecha-no-feriado-do-dia-do-evangelico\/","title":{"rendered":"Veja o que abre e o que fecha no feriado do Dia do Evang\u00e9lico"},"content":{"rendered":"<p>Neste s\u00e1bado (30), feriado do Dia do Evang\u00e9lico, servi\u00e7os e pontos de lazer no Distrito Federal ter\u00e3o altera\u00e7\u00f5es no seu funcionamento. A Ag\u00eancia Bras\u00edlia apresenta, abaixo, as principais mudan\u00e7as previstas para esta data.<\/p>\n<p><strong>Sa\u00fade<\/strong><br \/>\nOs atendimentos de urg\u00eancia e emerg\u00eancia seguem normalmente. O Servi\u00e7o de Atendimento M\u00f3vel de Urg\u00eancia (Samu) mant\u00e9m a assist\u00eancia 24 horas pelo telefone 192, assim como as emerg\u00eancias dos hospitais, as unidades de pronto atendimento (UPAs) e a Casa de Parto de S\u00e3o Sebasti\u00e3o, que funcionam em plant\u00e3o 24h.<\/p>\n<p>As unidades b\u00e1sicas de sa\u00fade (UBSs) e os centros de especialidades odontol\u00f3gicas (CEOs) estar\u00e3o fechados tanto no s\u00e1bado quanto no domingo (1\u00ba\/12). Entretanto, os prontos-socorros odontol\u00f3gicos estar\u00e3o em funcionamento nos dois dias nos hospitais regionais da Asa Norte (Hran), Taguatinga (HRT) e Gama (HRG), com hor\u00e1rio diferenciado. O Hospital da Asa Norte atende 24h, enquanto os outros funcionam das 7h \u00e0s 19h.<\/p>\n<p>Os locais de vacina\u00e7\u00e3o estar\u00e3o em opera\u00e7\u00e3o apenas no s\u00e1bado, com retorno ao funcionamento normal na segunda-feira (2\/12). Confira os pontos de vacina\u00e7\u00e3o da Secretaria de Sa\u00fade (SES-DF).<\/p>\n<p>As unidades do Centro de Aten\u00e7\u00e3o Psicossocial (Caps) de tipos III e os Caps AD III (\u00c1lcool e outras Drogas) operam normalmente durante o feriado e o domingo, com acolhimento 24h. J\u00e1 os Caps de tipos I e II, bem como o Caps Infantojuvenil (Capsi), n\u00e3o ter\u00e3o expediente. As farm\u00e1cias de alto custo, por sua vez, estar\u00e3o fechadas durante o fim de semana, com retorno das atividades na segunda-feira.<\/p>\n<p><strong>Tr\u00e2nsito e mobilidade<\/strong><br \/>\nOs servi\u00e7os de educa\u00e7\u00e3o, fiscaliza\u00e7\u00e3o e engenharia de tr\u00e2nsito funcionar\u00e3o em escala de plant\u00e3o, mas o atendimento online do Detran-DF estar\u00e1 dispon\u00edvel, assim como o Portal de Servi\u00e7os e o aplicativo Detran-DF Digital. N\u00e3o haver\u00e1 expediente administrativo na autarquia.<\/p>\n<p>O transporte p\u00fablico segue com a tabela hor\u00e1ria de s\u00e1bado, sem altera\u00e7\u00f5es no hor\u00e1rio do metr\u00f4, que operar\u00e1 das 5h30 \u00e0s 23h30.<\/p>\n<p><strong>Seguran\u00e7a<\/strong><br \/>\nA Pol\u00edcia Militar (PMDF) operar\u00e1 ininterruptamente, com atendimento 24h pelo n\u00famero 190. As delegacias da Pol\u00edcia Civil (PCDF) funcionar\u00e3o em regime de plant\u00e3o 24h, incluindo as delegacias de atendimento \u00e0 mulher (Deams) e as delegacias da Crian\u00e7a e Adolescente. As unidades de Central de Flagrante estar\u00e3o abertas, incluindo v\u00e1rias delegacias, como a 1\u00aa, 5\u00aa, 6\u00aa, 12\u00aa, 13\u00aa e outras. A PCDF tamb\u00e9m disponibiliza canais de atendimento para registro de ocorr\u00eancias por meio de den\u00fancia online; e-mail denuncia197@pcdf.df.gov.br; telefone 197, op\u00e7\u00e3o 0 (zero); e WhatsApp (61) 98626-1197.<\/p>\n<p>O Corpo de Bombeiros Militar (CBMDF) tamb\u00e9m atender\u00e1 emerg\u00eancias 24h pelo telefone 193. A Defesa Civil funcionar\u00e1 em plant\u00e3o, com atendimento pelo 193 ou 199.<\/p>\n<p>A Casa da Mulher Brasileira estar\u00e1 aberta 24h, oferecendo apoio psicossocial, humanizado e judicial. Por outro lado, os centros especializados de atendimento a mulheres (Ceams) e o Espa\u00e7o Acolher estar\u00e3o fechados no feriado.<\/p>\n<p><strong>Justi\u00e7a e Cidadania<\/strong><br \/>\nO Na Hora e o Procon-DF n\u00e3o ter\u00e3o expediente. O atendimento urgente nos conselhos tutelares pode ser solicitado pelo telefone 125; e, para o Centro Integrado 18 de Maio, pelo 98314-0636, das 8h \u00e0s 20h.<\/p>\n<p>A Defensoria P\u00fablica do DF estar\u00e1 em plant\u00e3o para casos urgentes, como pedidos de interna\u00e7\u00e3o ou habeas corpus, com atendimento presencial no F\u00f3rum Desembargador Milton Sebasti\u00e3o Barbosa e tamb\u00e9m virtual, por WhatsApp (61 9 9359-0015) ou e-mail plantaodefensoria@gmail.com.<\/p>\n<p><strong>\u00c1gua e energia<\/strong><br \/>\nOs servi\u00e7os da CEB Ipes de manuten\u00e7\u00e3o e registro de demandas ao p\u00fablico funcionam normalmente, 24h por dia. As equipes de opera\u00e7\u00e3o e manuten\u00e7\u00e3o da Companhia de Saneamento Ambiental do Distrito Federal (Caesb) tamb\u00e9m trabalhar\u00e3o normalmente.<\/p>\n<p>N\u00e3o haver\u00e1 atendimento presencial na sede e nos escrit\u00f3rios de atendimento da Caesb. Durante o s\u00e1bado, os consumidores que precisarem da companhia podem ligar para a Central de Atendimento, telefone 115. Tamb\u00e9m podem solicitar servi\u00e7os pelo WhatsApp 3029-8115.<\/p>\n<p>Outra op\u00e7\u00e3o \u00e9 usar o aplicativo da Caesb para celular ou entrar no site da companhia. No Portal de Servi\u00e7os dispon\u00edvel no site ou na Central de Atendimento, \u00e9 poss\u00edvel agendar.<\/p>\n<p><strong>Limpeza urbana<\/strong><br \/>\nO Servi\u00e7o de Limpeza Urbana (SLU) continuar\u00e1 com suas opera\u00e7\u00f5es normalmente, incluindo a coleta de lixo e o funcionamento das usinas de compostagem e centros de reciclagem. As coletas convencional e seletiva seguir\u00e3o o cronograma habitual, conforme disponibilizado no site do servi\u00e7o.<\/p>\n<p><strong>Educa\u00e7\u00e3o<\/strong><br \/>\nAs escolas p\u00fablicas estar\u00e3o fechadas durante este feriado.<\/p>\n<p><strong>Assist\u00eancia social<\/strong><br \/>\nOs restaurantes comunit\u00e1rios abertos ser\u00e3o os de Recantos das Emas, Planaltina, Sol Nascente\/P\u00f4r do Sol, Arniqueira, Itapo\u00e3, Varj\u00e3o, Samambaia Expans\u00e3o, S\u00e3o Sebasti\u00e3o, Sobradinho II, \u2060Parano\u00e1 e \u2060Brazl\u00e2ndia. Os demais estar\u00e3o fechados. Al\u00e9m disso, Centros Pop, Central de Vagas, unidades de prote\u00e7\u00e3o social e de acolhimento funcionam normalmente. J\u00e1 as unidades do Centro de Refer\u00eancia de Assist\u00eancia Social (Cras), do Centro de Refer\u00eancia Especializado de Assist\u00eancia Social (Creas) e do Centro de conviv\u00eancia (Cecon) estar\u00e3o fechados no feriado.<\/p>\n<p><strong>Lazer<\/strong><br \/>\nA Funda\u00e7\u00e3o Jardim Zool\u00f3gico de Bras\u00edlia funciona normalmente, das 8h30 \u00e0s 17h. A bilheteria encerra a venda dos ingressos \u00e0s 16h. J\u00e1 o Parque da Cidade contar\u00e1 com servi\u00e7o de seguran\u00e7a, vigil\u00e2ncia e limpeza ativas. A administra\u00e7\u00e3o do local estar\u00e1 fechada, assim como os centros ol\u00edmpicos e paral\u00edmpicos (COPs) da capital federal.<\/p>\n<p>As unidades de conserva\u00e7\u00e3o (UCs) administradas pelo Instituto Bras\u00edlia Ambiental funcionam normalmente no s\u00e1bado. Confira abaixo a lista com os hor\u00e1rios de funcionamento dessas unidades.<\/p>\n<p>\u21d2 Parque Ecol\u00f3gico do Anfiteatro Natural do Lago Sul \u2013 das 6h \u00e0s 18h<br \/>\n\u21d2 Parque Ecol\u00f3gico de \u00c1guas Claras \u2013 das 6h \u00e0s 22h<br \/>\n\u21d2 Parque Ecol\u00f3gico Areal \u2013 6h \u00e0s 22h<br \/>\n\u21d2 Parque Ecol\u00f3gico da Asa Sul \u2013 6h \u00e0s 20h<br \/>\n\u21d2 Parque Distrital das Copa\u00edbas \u2013 6h \u00e0s 18h<br \/>\n\u21d2 Parque Ecol\u00f3gico Cortado \u2013 6h \u00e0s 20h<br \/>\n\u21d2 Monumento Natural Dom Bosco \u2013 6h \u00e0s 20h<br \/>\n\u21d2 Parque Ecol\u00f3gico Ezechias Heringer \u2013 6h \u00e0s 22h<br \/>\n\u21d2 Parque Ecol\u00f3gico do Gama \u2013 6h \u00e0s 22h<br \/>\n\u21d2 Parque Ecol\u00f3gico do Lago Norte \u2013 6h \u00e0s 20h<br \/>\n\u21d2 Parque Ecol\u00f3gico Olhos d\u2019\u00c1gua \u2013 port\u00e3o principal: 5h30 \u00e0s 20h; port\u00f5es laterais: 6h \u00e0s 18h<br \/>\n\u21d2 Parque Ecol\u00f3gico do Parano\u00e1 \u2013 6h \u00e0s 20h<br \/>\n\u21d2 Parque Ecol\u00f3gico Pen\u00ednsula Sul \u2013 6h \u00e0s 18h<br \/>\n\u21d2 Parque Ecol\u00f3gico do Riacho Fundo \u2013 6h \u00e0s 18h<br \/>\n\u21d2 Parque Ecol\u00f3gico Saburo Onoyama \u2013 6h \u00e0s 18h<br \/>\n\u21d2 Parque Ecol\u00f3gico Sucupira \u2013 6h \u00e0s 18h<br \/>\n\u21d2 Parque Ecol\u00f3gico Tr\u00eas Meninas \u2013 7h \u00e0s 19h<br \/>\n\u21d2 Parque Ecol\u00f3gico Veredinha \u2013 6h \u00e0s 18h.<\/p>\n","protected":false},"excerpt":{"rendered":"<p>Neste s\u00e1bado (30), feriado do Dia do Evang\u00e9lico, servi\u00e7os e pontos de lazer no Distrito Federal ter\u00e3o altera\u00e7\u00f5es no seu funcionamento. A Ag\u00eancia Bras\u00edlia apresenta, abaixo, as principais mudan\u00e7as previstas para esta data. Sa\u00fade Os atendimentos de urg\u00eancia e emerg\u00eancia seguem normalmente. O Servi\u00e7o de Atendimento M\u00f3vel de Urg\u00eancia (Samu) mant\u00e9m a assist\u00eancia 24 horas [&hellip;]<\/p>\n","protected":false},"author":2,"featured_media":341978,"comment_status":"closed","ping_status":"closed","sticky":false,"template":"","format":"standard","meta":{"_acf_changed":false,"footnotes":""},"categories":[161],"tags":[],"class_list":["post-341977","post","type-post","status-publish","format-standard","has-post-thumbnail","hentry","category-quadradinho-em-foco"],"acf":[],"_links":{"self":[{"href":"https:\/\/www.notibras.com\/site\/wp-json\/wp\/v2\/posts\/341977","targetHints":{"allow":["GET"]}}],"collection":[{"href":"https:\/\/www.notibras.com\/site\/wp-json\/wp\/v2\/posts"}],"about":[{"href":"https:\/\/www.notibras.com\/site\/wp-json\/wp\/v2\/types\/post"}],"author":[{"embeddable":true,"href":"https:\/\/www.notibras.com\/site\/wp-json\/wp\/v2\/users\/2"}],"replies":[{"embeddable":true,"href":"https:\/\/www.notibras.com\/site\/wp-json\/wp\/v2\/comments?post=341977"}],"version-history":[{"count":1,"href":"https:\/\/www.notibras.com\/site\/wp-json\/wp\/v2\/posts\/341977\/revisions"}],"predecessor-version":[{"id":341979,"href":"https:\/\/www.notibras.com\/site\/wp-json\/wp\/v2\/posts\/341977\/revisions\/341979"}],"wp:featuredmedia":[{"embeddable":true,"href":"https:\/\/www.notibras.com\/site\/wp-json\/wp\/v2\/media\/341978"}],"wp:attachment":[{"href":"https:\/\/www.notibras.com\/site\/wp-json\/wp\/v2\/media?parent=341977"}],"wp:term":[{"taxonomy":"category","embeddable":true,"href":"https:\/\/www.notibras.com\/site\/wp-json\/wp\/v2\/categories?post=341977"},{"taxonomy":"post_tag","embeddable":true,"href":"https:\/\/www.notibras.com\/site\/wp-json\/wp\/v2\/tags?post=341977"}],"curies":[{"name":"wp","href":"https:\/\/api.w.org\/{rel}","templated":true}]}}