{"id":341982,"date":"2024-11-29T07:45:32","date_gmt":"2024-11-29T10:45:32","guid":{"rendered":"https:\/\/www.notibras.com\/site\/?p=341982"},"modified":"2024-11-29T07:46:55","modified_gmt":"2024-11-29T10:46:55","slug":"aluna-da-rede-publica-volta-a-surpreender-com-seus-textos","status":"publish","type":"post","link":"https:\/\/www.notibras.com\/site\/aluna-da-rede-publica-volta-a-surpreender-com-seus-textos\/","title":{"rendered":"Aluna da rede p\u00fablica volta a surpreender com seus textos"},"content":{"rendered":"<p>\u00c9 preciso paz para poder sorrir<br \/>\nPara conseguirmos seguir&#8230;<br \/>\nA vida \u00e9 uma estrada<br \/>\nNosso objetivo \u00e9 super\u00e1-la<\/p>\n<p>Todos conseguiremos<br \/>\nTodos somos capazes<br \/>\nCriando amizades<br \/>\nCom a consci\u00eancia limpa e sem pressa<\/p>\n<p>Uma hist\u00f3ria tem um come\u00e7o<br \/>\nA vida tem um come\u00e7o<br \/>\nA hist\u00f3ria tem um fim<br \/>\nA vida tem um fim&#8230;<\/p>\n<p>&#8230;&#8230;&#8230;&#8230;&#8230;&#8230;<\/p>\n<p><strong>Elo\u00e1, 11 anos, \u00e9 aluna do professor Leandro Mendes, no CEF 102 Norte. A publica\u00e7\u00e3o (segundo texto dela editado em Notibras) foi devidamente autorizada por seus pais.<\/strong><\/p>\n","protected":false},"excerpt":{"rendered":"<p>\u00c9 preciso paz para poder sorrir Para conseguirmos seguir&#8230; A vida \u00e9 uma estrada Nosso objetivo \u00e9 super\u00e1-la Todos conseguiremos Todos somos capazes Criando amizades Com a consci\u00eancia limpa e sem pressa Uma hist\u00f3ria tem um come\u00e7o A vida tem um come\u00e7o A hist\u00f3ria tem um fim A vida tem um fim&#8230; &#8230;&#8230;&#8230;&#8230;&#8230;&#8230; Elo\u00e1, 11 [&hellip;]<\/p>\n","protected":false},"author":2,"featured_media":341983,"comment_status":"closed","ping_status":"closed","sticky":false,"template":"","format":"standard","meta":{"_acf_changed":false,"footnotes":""},"categories":[161],"tags":[],"class_list":["post-341982","post","type-post","status-publish","format-standard","has-post-thumbnail","hentry","category-quadradinho-em-foco"],"acf":[],"_links":{"self":[{"href":"https:\/\/www.notibras.com\/site\/wp-json\/wp\/v2\/posts\/341982","targetHints":{"allow":["GET"]}}],"collection":[{"href":"https:\/\/www.notibras.com\/site\/wp-json\/wp\/v2\/posts"}],"about":[{"href":"https:\/\/www.notibras.com\/site\/wp-json\/wp\/v2\/types\/post"}],"author":[{"embeddable":true,"href":"https:\/\/www.notibras.com\/site\/wp-json\/wp\/v2\/users\/2"}],"replies":[{"embeddable":true,"href":"https:\/\/www.notibras.com\/site\/wp-json\/wp\/v2\/comments?post=341982"}],"version-history":[{"count":3,"href":"https:\/\/www.notibras.com\/site\/wp-json\/wp\/v2\/posts\/341982\/revisions"}],"predecessor-version":[{"id":341986,"href":"https:\/\/www.notibras.com\/site\/wp-json\/wp\/v2\/posts\/341982\/revisions\/341986"}],"wp:featuredmedia":[{"embeddable":true,"href":"https:\/\/www.notibras.com\/site\/wp-json\/wp\/v2\/media\/341983"}],"wp:attachment":[{"href":"https:\/\/www.notibras.com\/site\/wp-json\/wp\/v2\/media?parent=341982"}],"wp:term":[{"taxonomy":"category","embeddable":true,"href":"https:\/\/www.notibras.com\/site\/wp-json\/wp\/v2\/categories?post=341982"},{"taxonomy":"post_tag","embeddable":true,"href":"https:\/\/www.notibras.com\/site\/wp-json\/wp\/v2\/tags?post=341982"}],"curies":[{"name":"wp","href":"https:\/\/api.w.org\/{rel}","templated":true}]}}