{"id":341987,"date":"2024-11-29T07:54:28","date_gmt":"2024-11-29T10:54:28","guid":{"rendered":"https:\/\/www.notibras.com\/site\/?p=341987"},"modified":"2024-11-29T07:59:56","modified_gmt":"2024-11-29T10:59:56","slug":"quem-sente-peso-da-idade-quer-viver-soprando-bolas-de-sabao-no-parque","status":"publish","type":"post","link":"https:\/\/www.notibras.com\/site\/quem-sente-peso-da-idade-quer-viver-soprando-bolas-de-sabao-no-parque\/","title":{"rendered":"&#8216;Quem sente peso da idade quer viver soprando bolas de sab\u00e3o no parque&#8217;"},"content":{"rendered":"<p>Meus filhos costumam me chamar de sisudo. N\u00e3o que eles estejam completamente errados, mas considero certo exagero. Austero! Creio que condiz mais com a minha natureza ajuizada e, talvez, at\u00e9 comedida, ainda mais porque nunca fui de rompantes.<\/p>\n<p>Mam\u00e3e, sim, era impetuosa em todos os sentidos. Se queria algo, ningu\u00e9m a impedia. E ai de quem tentasse disc\u00f3rdia! A zanga era implac\u00e1vel e n\u00e3o perdoava nem mesmo o Jorginho, meu irm\u00e3o ca\u00e7ula. Quanto a mim, soube desde cedo que molecagem era tratada com chineladas certeiras da minha velha.<\/p>\n<p>Meu pai, quase o inverso, a n\u00e3o ser quando se arriscava a ir ver jogos do Botafogo. \u00c9 que, mesmo naqueles idos, caso o Garrincha n\u00e3o estivesse com a sanha de arrebatar todos seus pobres marcadores, era prov\u00e1vel que papai retornasse cabisbaixo para casa. No entanto, bastava que o Anjo das Pernas Tortas estivesse endiabrado, para que papai quisesse cantar de galo. Que nada! N\u00e3o tardava, minha m\u00e3e colocava ordem no galinheiro.<\/p>\n<p>Digo-lhe, ent\u00e3o, que sisudo \u00e9 demais. Austero! Melhor, sensato e ponderado, com pitadas de circunspecto e, de vez em quando, pouco rabugento. Tamb\u00e9m n\u00e3o \u00e9 para menos, pois meus herdeiros, todos criados e donos das pr\u00f3prias vidas, ainda assim, querem me controlar. Implicam que eu tenha c\u00e1 minhas manias, que nem s\u00e3o muitas. Nada al\u00e9m de duas ou tr\u00eas, que resolveram se juntar \u00e0s que acumulo ao longo de d\u00e9cadas.<\/p>\n<p>Aos 72 anos, percebo que cheguei a uma encruzilhada. Talvez seja algo inevit\u00e1vel ou, pode ser, que muitos nem se d\u00e3o conta quando c\u00e1 est\u00e3o. O que sei \u00e9 que n\u00e3o d\u00e1 para continuar ouvindo que sou sisudo, quando a \u00fanica coisa que desejo \u00e9 ir para o parque de \u00c1guas Claras e soprar bolhas de sab\u00e3o.<\/p>\n<p>&#8230;&#8230;&#8230;&#8230;&#8230;&#8230;&#8230;&#8230;&#8230;&#8230;&#8230;&#8230;&#8230;&#8230;&#8230;..<\/p>\n<p><strong>*Eduardo Mart\u00ednez \u00e9 autor do livro \u201c57 Contos e Cr\u00f4nicas por um Autor muito Velho\u201d.<\/strong><\/p>\n<div class=\"mvp-post-soc-in\">\n<div id=\"mvp-content-body\" class=\"left relative\">\n<div id=\"mvp-content-body-top\" class=\"left relative\">\n<div id=\"mvp-content-main\" class=\"left relative\">\n<p>Compre aqui\u00a0<span class=\"x19la9d6 x1fc57z9 x6ikm8r x10wlt62 x19co3pv x1g5zs5t xfibh0p xiy17q3 x1xsqp64 x1lkfr7t xexx8yu x4uap5 x18d9i69 xkhd6sd\"><span class=\"xrtxmta x1bhl96m\"><img decoding=\"async\" class=\"emoji\" role=\"img\" draggable=\"false\" src=\"https:\/\/s.w.org\/images\/core\/emoji\/14.0.0\/svg\/1f447-1f3ff.svg\" alt=\"&#x1f447;&#x1f3ff;\" \/><\/span><\/span><span class=\"x19la9d6 x1fc57z9 x6ikm8r x10wlt62 x19co3pv x1g5zs5t xfibh0p xiy17q3 x1xsqp64 x1lkfr7t xexx8yu x4uap5 x18d9i69 xkhd6sd\"><span class=\"xrtxmta x1bhl96m\"><img decoding=\"async\" class=\"emoji\" role=\"img\" draggable=\"false\" src=\"https:\/\/s.w.org\/images\/core\/emoji\/14.0.0\/svg\/1f447-1f3ff.svg\" alt=\"&#x1f447;&#x1f3ff;\" \/><\/span><\/span><span class=\"x19la9d6 x1fc57z9 x6ikm8r x10wlt62 x19co3pv x1g5zs5t xfibh0p xiy17q3 x1xsqp64 x1lkfr7t xexx8yu x4uap5 x18d9i69 xkhd6sd\"><span class=\"xrtxmta x1bhl96m\"><img decoding=\"async\" class=\"emoji\" role=\"img\" draggable=\"false\" src=\"https:\/\/s.w.org\/images\/core\/emoji\/14.0.0\/svg\/1f447-1f3ff.svg\" alt=\"&#x1f447;&#x1f3ff;\" \/><\/span><\/span><\/p>\n<p><a href=\"http:\/\/www.joanineditora.com.br\/57-contos-e-cronicas-por-um-autor-muito-velho\">http:\/\/www.joanineditora.com.br\/57-contos-e-cronicas-por-um-autor-muito-velho<\/a><\/p>\n<\/div>\n<\/div>\n<\/div>\n<\/div>\n","protected":false},"excerpt":{"rendered":"<p>Meus filhos costumam me chamar de sisudo. N\u00e3o que eles estejam completamente errados, mas considero certo exagero. Austero! Creio que condiz mais com a minha natureza ajuizada e, talvez, at\u00e9 comedida, ainda mais porque nunca fui de rompantes. Mam\u00e3e, sim, era impetuosa em todos os sentidos. Se queria algo, ningu\u00e9m a impedia. E ai de [&hellip;]<\/p>\n","protected":false},"author":2,"featured_media":341988,"comment_status":"closed","ping_status":"closed","sticky":false,"template":"","format":"standard","meta":{"_acf_changed":false,"footnotes":""},"categories":[161],"tags":[],"class_list":["post-341987","post","type-post","status-publish","format-standard","has-post-thumbnail","hentry","category-quadradinho-em-foco"],"acf":[],"_links":{"self":[{"href":"https:\/\/www.notibras.com\/site\/wp-json\/wp\/v2\/posts\/341987","targetHints":{"allow":["GET"]}}],"collection":[{"href":"https:\/\/www.notibras.com\/site\/wp-json\/wp\/v2\/posts"}],"about":[{"href":"https:\/\/www.notibras.com\/site\/wp-json\/wp\/v2\/types\/post"}],"author":[{"embeddable":true,"href":"https:\/\/www.notibras.com\/site\/wp-json\/wp\/v2\/users\/2"}],"replies":[{"embeddable":true,"href":"https:\/\/www.notibras.com\/site\/wp-json\/wp\/v2\/comments?post=341987"}],"version-history":[{"count":4,"href":"https:\/\/www.notibras.com\/site\/wp-json\/wp\/v2\/posts\/341987\/revisions"}],"predecessor-version":[{"id":341992,"href":"https:\/\/www.notibras.com\/site\/wp-json\/wp\/v2\/posts\/341987\/revisions\/341992"}],"wp:featuredmedia":[{"embeddable":true,"href":"https:\/\/www.notibras.com\/site\/wp-json\/wp\/v2\/media\/341988"}],"wp:attachment":[{"href":"https:\/\/www.notibras.com\/site\/wp-json\/wp\/v2\/media?parent=341987"}],"wp:term":[{"taxonomy":"category","embeddable":true,"href":"https:\/\/www.notibras.com\/site\/wp-json\/wp\/v2\/categories?post=341987"},{"taxonomy":"post_tag","embeddable":true,"href":"https:\/\/www.notibras.com\/site\/wp-json\/wp\/v2\/tags?post=341987"}],"curies":[{"name":"wp","href":"https:\/\/api.w.org\/{rel}","templated":true}]}}