{"id":342022,"date":"2024-11-29T16:56:11","date_gmt":"2024-11-29T19:56:11","guid":{"rendered":"https:\/\/www.notibras.com\/site\/?p=342022"},"modified":"2024-11-29T17:04:03","modified_gmt":"2024-11-29T20:04:03","slug":"aneel-risca-o-vermelho-lanca-a-bandeira-verde-e-conta-de-luz-fica-barata","status":"publish","type":"post","link":"https:\/\/www.notibras.com\/site\/aneel-risca-o-vermelho-lanca-a-bandeira-verde-e-conta-de-luz-fica-barata\/","title":{"rendered":"Aneel risca o vermelho, lan\u00e7a a bandeira verde e conta de luz fica barata"},"content":{"rendered":"<p>O nordestino &#8211; que paga uma das contas de energia el\u00e9trica mais caras do pa\u00eds &#8211; ter\u00e1 um al\u00edvio em dezembro. \u00c9 que a\u00a0 bandeira tarif\u00e1ria para o m\u00eas de Papai Noel ser\u00e1 verde, sem cobran\u00e7a extra na conta de luz. Segundo a Ag\u00eancia Nacional de Energia El\u00e9trica (Aneel), a mudan\u00e7a foi poss\u00edvel gra\u00e7as \u00e0 \u201cexpressiva melhora das condi\u00e7\u00f5es de gera\u00e7\u00e3o de energia\u201d.<\/p>\n<p>\u201cNas \u00faltimas semanas, o per\u00edodo chuvoso mais intenso favoreceu a gera\u00e7\u00e3o de energia hidrel\u00e9trica, com custo de gera\u00e7\u00e3o inferior ao de fontes termel\u00e9tricas &#8211; acionada mais frequentemente quando os n\u00edveis dos reservat\u00f3rios est\u00e3o baixos\u201d, explica a Aneel.<\/p>\n<p>Neste ano, a falta de chuva fez com que a Aneel acionasse a bandeira tarif\u00e1ria vermelha patamar 1 em setembro e a vermelha patamar 2 em outubro. Em novembro, foi acionada a bandeira tarif\u00e1ria amarela, com cobran\u00e7a adicional de R$ 1,885 a cada 100 kWh consumidos.<\/p>\n<p>Criado em 2015 pela Aneel, o sistema de bandeiras tarif\u00e1rias reflete os custos vari\u00e1veis da gera\u00e7\u00e3o de energia el\u00e9trica. Divididas em n\u00edveis, as bandeiras indicam quanto est\u00e1 custando para o Sistema Interligado Nacional gerar a energia usada nas casas, em estabelecimentos comerciais e nas ind\u00fastrias, considerando fatores como a disponibilidade de recursos h\u00eddricos, o avan\u00e7o das fontes renov\u00e1veis, bem como o acionamento de fontes de gera\u00e7\u00e3o mais caras como as termel\u00e9tricas.<\/p>\n<p>As cores verde, amarela ou vermelha (nos patamares 1 e 2) indicam se a energia custar\u00e1 mais ou menos em fun\u00e7\u00e3o das condi\u00e7\u00f5es de gera\u00e7\u00e3o, sendo a bandeira vermelha a que tem custo maior, e a verde, sem custo extra.<\/p>\n","protected":false},"excerpt":{"rendered":"<p>O nordestino &#8211; que paga uma das contas de energia el\u00e9trica mais caras do pa\u00eds &#8211; ter\u00e1 um al\u00edvio em dezembro. \u00c9 que a\u00a0 bandeira tarif\u00e1ria para o m\u00eas de Papai Noel ser\u00e1 verde, sem cobran\u00e7a extra na conta de luz. Segundo a Ag\u00eancia Nacional de Energia El\u00e9trica (Aneel), a mudan\u00e7a foi poss\u00edvel gra\u00e7as \u00e0 [&hellip;]<\/p>\n","protected":false},"author":2,"featured_media":342023,"comment_status":"closed","ping_status":"closed","sticky":false,"template":"","format":"standard","meta":{"_acf_changed":false,"footnotes":""},"categories":[165],"tags":[95],"class_list":["post-342022","post","type-post","status-publish","format-standard","has-post-thumbnail","hentry","category-nordeste","tag-capa"],"acf":[],"_links":{"self":[{"href":"https:\/\/www.notibras.com\/site\/wp-json\/wp\/v2\/posts\/342022","targetHints":{"allow":["GET"]}}],"collection":[{"href":"https:\/\/www.notibras.com\/site\/wp-json\/wp\/v2\/posts"}],"about":[{"href":"https:\/\/www.notibras.com\/site\/wp-json\/wp\/v2\/types\/post"}],"author":[{"embeddable":true,"href":"https:\/\/www.notibras.com\/site\/wp-json\/wp\/v2\/users\/2"}],"replies":[{"embeddable":true,"href":"https:\/\/www.notibras.com\/site\/wp-json\/wp\/v2\/comments?post=342022"}],"version-history":[{"count":7,"href":"https:\/\/www.notibras.com\/site\/wp-json\/wp\/v2\/posts\/342022\/revisions"}],"predecessor-version":[{"id":342030,"href":"https:\/\/www.notibras.com\/site\/wp-json\/wp\/v2\/posts\/342022\/revisions\/342030"}],"wp:featuredmedia":[{"embeddable":true,"href":"https:\/\/www.notibras.com\/site\/wp-json\/wp\/v2\/media\/342023"}],"wp:attachment":[{"href":"https:\/\/www.notibras.com\/site\/wp-json\/wp\/v2\/media?parent=342022"}],"wp:term":[{"taxonomy":"category","embeddable":true,"href":"https:\/\/www.notibras.com\/site\/wp-json\/wp\/v2\/categories?post=342022"},{"taxonomy":"post_tag","embeddable":true,"href":"https:\/\/www.notibras.com\/site\/wp-json\/wp\/v2\/tags?post=342022"}],"curies":[{"name":"wp","href":"https:\/\/api.w.org\/{rel}","templated":true}]}}