{"id":342031,"date":"2024-11-30T00:07:58","date_gmt":"2024-11-30T03:07:58","guid":{"rendered":"https:\/\/www.notibras.com\/site\/?p=342031"},"modified":"2024-11-29T23:08:53","modified_gmt":"2024-11-30T02:08:53","slug":"turistas-correm-para-joao-pessoa-onde-o-sol-nunca-descansa","status":"publish","type":"post","link":"https:\/\/www.notibras.com\/site\/turistas-correm-para-joao-pessoa-onde-o-sol-nunca-descansa\/","title":{"rendered":"Turistas correm para Jo\u00e3o Pessoa, onde o sol nunca descansa"},"content":{"rendered":"<p>Jo\u00e3o Pessoa, a encantadora capital da Para\u00edba, est\u00e1 prestes a ganhar os holofotes mundiais, reconhecida como um dos 10 destinos mais badalados do mundo para 2025, segundo a Booking.com. Um t\u00edtulo grandioso, mas absolutamente merecido. Afinal, o que faz desta cidade um lugar t\u00e3o especial para quem a descobre?<\/p>\n<p>Imagine uma cidade onde o sol \u00e9 o protagonista, iluminando praias de \u00e1guas mornas e tranquilas que parecem pintadas \u00e0 m\u00e3o. A orla da cidade \u00e9 um convite permanente ao lazer: Tamba\u00fa, Cabo Branco e Mana\u00edra s\u00e3o ref\u00fagios perfeitos para caminhadas ao amanhecer, quando a luz dourada d\u00e1 bom dia ao Oceano Atl\u00e2ntico.<\/p>\n<p>Em Ponta do Seixas, o ponto mais oriental das Am\u00e9ricas, \u00e9 poss\u00edvel literalmente estar onde o sol nasce primeiro no continente. H\u00e1 um certo romantismo em estar t\u00e3o perto do in\u00edcio de tudo.<\/p>\n<p>Mas Jo\u00e3o Pessoa vai al\u00e9m das paisagens. A cidade respira hist\u00f3ria, arte e cultura. O centro hist\u00f3rico revela um Brasil antigo e charmoso, com igrejas barrocas, como a Igreja de S\u00e3o Francisco, e casarios coloridos que narram s\u00e9culos de hist\u00f3rias. O Parque Solon de Lucena, com sua lagoa emoldurada por palmeiras imperiais, \u00e9 um cart\u00e3o-postal vivo, onde o tempo parece andar mais devagar.<\/p>\n<p>E que dizer da gastronomia? Ah, a Para\u00edba tem sabor! Aqui, o turista descobre o gosto aut\u00eantico do nordeste, com pratos que mesclam simplicidade e sofistica\u00e7\u00e3o. Um rubac\u00e3o bem servido, um queijo coalho fresquinho ou uma tapioca feita na hora encantam paladares de qualquer canto do mundo.<\/p>\n<p>Jo\u00e3o Pessoa \u00e9, tamb\u00e9m, uma cidade de contrastes agrad\u00e1veis: moderna e acolhedora, vibrante e serena. A qualidade de vida est\u00e1 impressa na alma da cidade, com ruas arborizadas, tr\u00e2nsito mais tranquilo e um povo que sabe receber com generosidade.<\/p>\n<p>N\u00e3o \u00e9 dif\u00edcil entender por que a Booking.com a colocou na lista. Jo\u00e3o Pessoa \u00e9 uma experi\u00eancia que combina descanso, aventura e cultura, com um tempero todo especial de simplicidade e autenticidade. Em 2025, a cidade estar\u00e1 pronta para abrir seus bra\u00e7os e mostrar ao mundo que, na Para\u00edba, h\u00e1 um peda\u00e7o do para\u00edso onde o sol nunca descansa.<\/p>\n","protected":false},"excerpt":{"rendered":"<p>Jo\u00e3o Pessoa, a encantadora capital da Para\u00edba, est\u00e1 prestes a ganhar os holofotes mundiais, reconhecida como um dos 10 destinos mais badalados do mundo para 2025, segundo a Booking.com. Um t\u00edtulo grandioso, mas absolutamente merecido. Afinal, o que faz desta cidade um lugar t\u00e3o especial para quem a descobre? Imagine uma cidade onde o sol [&hellip;]<\/p>\n","protected":false},"author":2,"featured_media":342032,"comment_status":"closed","ping_status":"closed","sticky":false,"template":"","format":"standard","meta":{"_acf_changed":false,"footnotes":""},"categories":[165],"tags":[],"class_list":["post-342031","post","type-post","status-publish","format-standard","has-post-thumbnail","hentry","category-nordeste"],"acf":[],"_links":{"self":[{"href":"https:\/\/www.notibras.com\/site\/wp-json\/wp\/v2\/posts\/342031","targetHints":{"allow":["GET"]}}],"collection":[{"href":"https:\/\/www.notibras.com\/site\/wp-json\/wp\/v2\/posts"}],"about":[{"href":"https:\/\/www.notibras.com\/site\/wp-json\/wp\/v2\/types\/post"}],"author":[{"embeddable":true,"href":"https:\/\/www.notibras.com\/site\/wp-json\/wp\/v2\/users\/2"}],"replies":[{"embeddable":true,"href":"https:\/\/www.notibras.com\/site\/wp-json\/wp\/v2\/comments?post=342031"}],"version-history":[{"count":1,"href":"https:\/\/www.notibras.com\/site\/wp-json\/wp\/v2\/posts\/342031\/revisions"}],"predecessor-version":[{"id":342033,"href":"https:\/\/www.notibras.com\/site\/wp-json\/wp\/v2\/posts\/342031\/revisions\/342033"}],"wp:featuredmedia":[{"embeddable":true,"href":"https:\/\/www.notibras.com\/site\/wp-json\/wp\/v2\/media\/342032"}],"wp:attachment":[{"href":"https:\/\/www.notibras.com\/site\/wp-json\/wp\/v2\/media?parent=342031"}],"wp:term":[{"taxonomy":"category","embeddable":true,"href":"https:\/\/www.notibras.com\/site\/wp-json\/wp\/v2\/categories?post=342031"},{"taxonomy":"post_tag","embeddable":true,"href":"https:\/\/www.notibras.com\/site\/wp-json\/wp\/v2\/tags?post=342031"}],"curies":[{"name":"wp","href":"https:\/\/api.w.org\/{rel}","templated":true}]}}