{"id":342079,"date":"2024-11-30T00:00:20","date_gmt":"2024-11-30T03:00:20","guid":{"rendered":"https:\/\/www.notibras.com\/site\/?p=342079"},"modified":"2024-11-30T08:39:55","modified_gmt":"2024-11-30T11:39:55","slug":"semiarido-tera-500-milhoes-de-reais-para-50-mil-novas-cisternas","status":"publish","type":"post","link":"https:\/\/www.notibras.com\/site\/semiarido-tera-500-milhoes-de-reais-para-50-mil-novas-cisternas\/","title":{"rendered":"Semi\u00e1rido ter\u00e1 500 milh\u00f5es de reais para 50 mil novas cisternas"},"content":{"rendered":"<div class=\"header-noticia full-width\"><\/div>\n<div class=\"conteudo-noticia\">\n<p>Uma nova etapa do Programa Cisternas levar\u00e1 mais 50 mil equipamentos de coleta e armazenamento de \u00e1gua para consumo e produ\u00e7\u00e3o de alimentos, al\u00e9m de promover a recupera\u00e7\u00e3o de tecnologia existente no semi\u00e1rido brasileiro. O edital de chamamento p\u00fablico para organiza\u00e7\u00f5es da sociedade civil executarem os projetos foi lan\u00e7ado nesta sexta-feira (29), em Aracaju, pelo ministro do Desenvolvimento e Assist\u00eancia Social, Fam\u00edlia e Combate \u00e0 Fome (MDS), Wellington Dias.<\/p>\n<p>O ministro anunciou que ser\u00e3o investidos R$ 500 milh\u00f5es na implementa\u00e7\u00e3o de 46 mil cisternas com capacidade de at\u00e9 16 mil litros; 4 mil cisternas para uso na produ\u00e7\u00e3o de alimento com tecnologia de segunda \u00e1gua e a restaura\u00e7\u00e3o de mais 2,5 mil cisternas na regi\u00e3o.<\/p>\n<p>\u201cEssa integra\u00e7\u00e3o com estados, munic\u00edpios e com as entidades da sociedade civil tem trazido bons resultados na linha do \u00c1gua Para Todos e do Programa de Cisternas\u201d, destacou o ministro sobre as parcerias firmadas pelo governo federal para execu\u00e7\u00e3o de pol\u00edticas p\u00fablicas.<\/p>\n<p>As organiza\u00e7\u00f5es com experi\u00eancia na implementa\u00e7\u00e3o e restauro das cisternas t\u00eam at\u00e9 o dia 5 de janeiro para apresentar as propostas e documenta\u00e7\u00f5es iniciais. Os projetos dever\u00e3o ser direcionados aos estados de Alagoas, Bahia, Minas Gerais, Para\u00edba, Pernambuco, Piau\u00ed e Cear\u00e1. Para o Maranh\u00e3o, Rio Grande do Norte e Sergipe os projetos tamb\u00e9m dever\u00e3o prever servi\u00e7o de acompanhamento familiar para a inclus\u00e3o social e produtiva, conforme o edital.<\/p>\n<p>O resultado final da sele\u00e7\u00e3o das organiza\u00e7\u00f5es sociais ser\u00e1 anunciado no dia 3 de fevereiro e os projetos dever\u00e3o ser conclu\u00eddos em at\u00e9 3 anos.<\/p>\n<p>Criado em 2003, o Programa Cisternas leva tecnologia simples de coleta de \u00e1gua da chuva e armazenamento que j\u00e1 mudou a vida de milhares de fam\u00edlias no semi\u00e1rido e na Regi\u00e3o Amaz\u00f4nica.<\/p>\n<p><strong>Mudan\u00e7as<\/strong><br \/>\nDona Josefa Santos de Jesus, guardi\u00e3 de sementes crioulas da comunidade S\u00edtio Alto, em Si\u00e3o Dias, em Sergipe, \u00e9 um exemplo da mudan\u00e7a que o f\u00e1cil acesso \u00e0 \u00e1gua pode promover.<\/p>\n<p>\u201cDepois da chegada das cisternas, a vida da gente mudou com mais qualidade. A gente passou a ter mais alegria, mais felicidade, teve mais renda, porque o tempo que a gente caminhava para pegar um pote de \u00e1gua, agora a gente faz outros servi\u00e7os\u201d, explicou a agricultora.<\/p>\n<p>A comunidade S\u00edtio Alto abriga 390 fam\u00edlias remanescentes de quilombo, que vivem basicamente da agricultura, mas a dificuldade em acessar a \u00e1gua for\u00e7ava as fam\u00edlias a abandonarem o campo, em busca de outras oportunidades. Depois que o Programa Cisterna levou tecnologia para as fam\u00edlias da regi\u00e3o, houve uma mudan\u00e7a vis\u00edvel, disse dona Josefa.<\/p>\n<p>\u201cIncentivou o homem do campo no lugar onde ele vive, que quando eles recebem uma cisterna de cal\u00e7ad\u00e3o para trabalhar o quintal produtivo, cria uma felicidade que gera emprego e renda\u201d.<\/p>\n<p>Para a comunidade, \u00e1gua em casa tamb\u00e9m significou mais sa\u00fade para as fam\u00edlias atendidas pelo programa. \u201cAs crian\u00e7as que viviam doentes, porque tinham hepatite, diarreia, e nunca ficavam com sa\u00fade, era a quest\u00e3o da \u00e1gua, mas depois que a \u00e1gua chegou, as crian\u00e7as melhoraram\u201d, disse Josefa.<\/p>\n<p>Para o ministro Wellington Dias, esse novo aporte de cisternas vai continuar a transformar a realidade dessas comunidades, com um modelo de desenvolvimento sustent\u00e1vel, que \u201cgarante ao governo a condi\u00e7\u00e3o de alcan\u00e7ar fam\u00edlias em locais onde n\u00e3o h\u00e1 alternativa de \u00e1gua de subsolo, onde a \u00e1gua \u00e9 ferrosa, \u00e9 salinizada, ou n\u00e3o tem alternativa de uma adutora. E esse \u00e9 um caminho simples, porque a pr\u00f3pria comunidade faz a manuten\u00e7\u00e3o\u201d.<\/p>\n<\/div>\n","protected":false},"excerpt":{"rendered":"<p>Uma nova etapa do Programa Cisternas levar\u00e1 mais 50 mil equipamentos de coleta e armazenamento de \u00e1gua para consumo e produ\u00e7\u00e3o de alimentos, al\u00e9m de promover a recupera\u00e7\u00e3o de tecnologia existente no semi\u00e1rido brasileiro. O edital de chamamento p\u00fablico para organiza\u00e7\u00f5es da sociedade civil executarem os projetos foi lan\u00e7ado nesta sexta-feira (29), em Aracaju, pelo [&hellip;]<\/p>\n","protected":false},"author":2,"featured_media":342080,"comment_status":"closed","ping_status":"closed","sticky":false,"template":"","format":"standard","meta":{"_acf_changed":false,"footnotes":""},"categories":[165],"tags":[],"class_list":["post-342079","post","type-post","status-publish","format-standard","has-post-thumbnail","hentry","category-nordeste"],"acf":[],"_links":{"self":[{"href":"https:\/\/www.notibras.com\/site\/wp-json\/wp\/v2\/posts\/342079","targetHints":{"allow":["GET"]}}],"collection":[{"href":"https:\/\/www.notibras.com\/site\/wp-json\/wp\/v2\/posts"}],"about":[{"href":"https:\/\/www.notibras.com\/site\/wp-json\/wp\/v2\/types\/post"}],"author":[{"embeddable":true,"href":"https:\/\/www.notibras.com\/site\/wp-json\/wp\/v2\/users\/2"}],"replies":[{"embeddable":true,"href":"https:\/\/www.notibras.com\/site\/wp-json\/wp\/v2\/comments?post=342079"}],"version-history":[{"count":1,"href":"https:\/\/www.notibras.com\/site\/wp-json\/wp\/v2\/posts\/342079\/revisions"}],"predecessor-version":[{"id":342081,"href":"https:\/\/www.notibras.com\/site\/wp-json\/wp\/v2\/posts\/342079\/revisions\/342081"}],"wp:featuredmedia":[{"embeddable":true,"href":"https:\/\/www.notibras.com\/site\/wp-json\/wp\/v2\/media\/342080"}],"wp:attachment":[{"href":"https:\/\/www.notibras.com\/site\/wp-json\/wp\/v2\/media?parent=342079"}],"wp:term":[{"taxonomy":"category","embeddable":true,"href":"https:\/\/www.notibras.com\/site\/wp-json\/wp\/v2\/categories?post=342079"},{"taxonomy":"post_tag","embeddable":true,"href":"https:\/\/www.notibras.com\/site\/wp-json\/wp\/v2\/tags?post=342079"}],"curies":[{"name":"wp","href":"https:\/\/api.w.org\/{rel}","templated":true}]}}