{"id":342085,"date":"2024-11-30T00:00:19","date_gmt":"2024-11-30T03:00:19","guid":{"rendered":"https:\/\/www.notibras.com\/site\/?p=342085"},"modified":"2024-11-30T08:51:01","modified_gmt":"2024-11-30T11:51:01","slug":"forca-tarefa-intensifica-manutencao-da-iluminacao-publica","status":"publish","type":"post","link":"https:\/\/www.notibras.com\/site\/forca-tarefa-intensifica-manutencao-da-iluminacao-publica\/","title":{"rendered":"For\u00e7a-tarefa intensifica manuten\u00e7\u00e3o da ilumina\u00e7\u00e3o p\u00fablica"},"content":{"rendered":"<p>A Companhia Energ\u00e9tica de Bras\u00edlia Ilumina\u00e7\u00e3o P\u00fablica e Servi\u00e7os (CEB Ipes) deu in\u00edcio a uma for\u00e7a-tarefa com o objetivo de resolver aproximadamente 1.200 chamados pendentes relacionados \u00e0 ilumina\u00e7\u00e3o p\u00fablica em todas as regi\u00f5es administrativas do Distrito Federal. A iniciativa \u00e9 uma resposta da companhia ao aumento expressivo de demandas desde o in\u00edcio do per\u00edodo chuvoso, agravado por a\u00e7\u00f5es de furto de cabos, vandalismo nos equipamentos e pelo desgaste natural da rede de ilumina\u00e7\u00e3o.<\/p>\n<p>Para acelerar os reparos, a Companhia fechou uma parceria com as empresas respons\u00e1veis pela manuten\u00e7\u00e3o \u2013 Engeluz e Diamante \u2013, ampliando a for\u00e7a de trabalho. \u201cFirmamos um acordo com as empresas contratadas para aumentar as opera\u00e7\u00f5es em 40%, o que nos permitir\u00e1 atender \u00e0s demandas com mais rapidez e efici\u00eancia. Esse \u00e9 um esfor\u00e7o conjunto para beneficiar todas as regi\u00f5es do DF\u201d, destaca o diretor-presidente da CEB Ipes, Edison Garcia.<\/p>\n<p>A estrat\u00e9gia da empresa inclui a reorganiza\u00e7\u00e3o dos atendimentos, que ser\u00e3o realizados em blocos para otimizar o tempo de execu\u00e7\u00e3o e atender o maior n\u00famero poss\u00edvel de solicita\u00e7\u00f5es. Segundo a Companhia, as equipes ter\u00e3o carga hor\u00e1ria ampliada e ser\u00e3o deslocadas para \u00e1reas com maior concentra\u00e7\u00e3o de ocorr\u00eancias. A expectativa \u00e9 de que a a\u00e7\u00e3o traga resultados vis\u00edveis j\u00e1 nas pr\u00f3ximas semanas.<\/p>\n<p>\u201cVamos focar em cerca de 1.200 pontos no Distrito Federal que apresentam redu\u00e7\u00e3o na qualidade da ilumina\u00e7\u00e3o p\u00fablica. Isso inclui cabos cortados, postes danificados, quadros de comando com problemas e lumin\u00e1rias queimadas. \u00c9 um esfor\u00e7o concentrado para melhorar a ilumina\u00e7\u00e3o em curto prazo\u201d, afirma Garcia.<\/p>\n<p>A CEB Ipes destaca que os recursos para essa a\u00e7\u00e3o j\u00e1 est\u00e3o dispon\u00edveis e que os resultados ser\u00e3o imediatos. \u201cEstamos investindo para reduzir drasticamente a situa\u00e7\u00e3o de l\u00e2mpadas apagadas no Distrito Federal. Esse \u00e9 o nosso compromisso\u201d, refor\u00e7ou o diretor-presidente.<\/p>\n<p>A popula\u00e7\u00e3o pode informar sobre problemas de ilumina\u00e7\u00e3o p\u00fablica por meio do aplicativo Ilumina DF, do telefone 155 ou pelo site oficial da Companhia.<\/p>\n","protected":false},"excerpt":{"rendered":"<p>A Companhia Energ\u00e9tica de Bras\u00edlia Ilumina\u00e7\u00e3o P\u00fablica e Servi\u00e7os (CEB Ipes) deu in\u00edcio a uma for\u00e7a-tarefa com o objetivo de resolver aproximadamente 1.200 chamados pendentes relacionados \u00e0 ilumina\u00e7\u00e3o p\u00fablica em todas as regi\u00f5es administrativas do Distrito Federal. A iniciativa \u00e9 uma resposta da companhia ao aumento expressivo de demandas desde o in\u00edcio do per\u00edodo chuvoso, [&hellip;]<\/p>\n","protected":false},"author":2,"featured_media":342086,"comment_status":"closed","ping_status":"closed","sticky":false,"template":"","format":"standard","meta":{"_acf_changed":false,"footnotes":""},"categories":[161],"tags":[],"class_list":["post-342085","post","type-post","status-publish","format-standard","has-post-thumbnail","hentry","category-quadradinho-em-foco"],"acf":[],"_links":{"self":[{"href":"https:\/\/www.notibras.com\/site\/wp-json\/wp\/v2\/posts\/342085","targetHints":{"allow":["GET"]}}],"collection":[{"href":"https:\/\/www.notibras.com\/site\/wp-json\/wp\/v2\/posts"}],"about":[{"href":"https:\/\/www.notibras.com\/site\/wp-json\/wp\/v2\/types\/post"}],"author":[{"embeddable":true,"href":"https:\/\/www.notibras.com\/site\/wp-json\/wp\/v2\/users\/2"}],"replies":[{"embeddable":true,"href":"https:\/\/www.notibras.com\/site\/wp-json\/wp\/v2\/comments?post=342085"}],"version-history":[{"count":1,"href":"https:\/\/www.notibras.com\/site\/wp-json\/wp\/v2\/posts\/342085\/revisions"}],"predecessor-version":[{"id":342087,"href":"https:\/\/www.notibras.com\/site\/wp-json\/wp\/v2\/posts\/342085\/revisions\/342087"}],"wp:featuredmedia":[{"embeddable":true,"href":"https:\/\/www.notibras.com\/site\/wp-json\/wp\/v2\/media\/342086"}],"wp:attachment":[{"href":"https:\/\/www.notibras.com\/site\/wp-json\/wp\/v2\/media?parent=342085"}],"wp:term":[{"taxonomy":"category","embeddable":true,"href":"https:\/\/www.notibras.com\/site\/wp-json\/wp\/v2\/categories?post=342085"},{"taxonomy":"post_tag","embeddable":true,"href":"https:\/\/www.notibras.com\/site\/wp-json\/wp\/v2\/tags?post=342085"}],"curies":[{"name":"wp","href":"https:\/\/api.w.org\/{rel}","templated":true}]}}