{"id":342136,"date":"2024-12-01T00:29:57","date_gmt":"2024-12-01T03:29:57","guid":{"rendered":"https:\/\/www.notibras.com\/site\/?p=342136"},"modified":"2024-11-30T23:32:04","modified_gmt":"2024-12-01T02:32:04","slug":"quilombos-do-nordeste-usam-garra-para-garantir-seus-espacos-e-direitos","status":"publish","type":"post","link":"https:\/\/www.notibras.com\/site\/quilombos-do-nordeste-usam-garra-para-garantir-seus-espacos-e-direitos\/","title":{"rendered":"Quilombos do Nordeste usam garra para garantir seus espa\u00e7os e direitos"},"content":{"rendered":"<p>As comunidades quilombolas do Nordeste do Brasil representam uma parte fundamental da hist\u00f3ria, cultura e resist\u00eancia do pa\u00eds. Talvez por isso o governo Lula 3 tenha decidido prestar mais aten\u00e7\u00e3o a essas comunidades, formadas, em sua maioria, por descendentes de africanos escravizados que fugiram do regime escravista e conquistaram espa\u00e7os de liberdade em regi\u00f5es remotas. O Nordeste abriga uma quantidade significativa de quilombos.<\/p>\n<p>Os quilombos no Nordeste surgiram como ref\u00fagios para quem buscava escapar da escravid\u00e3o. O Quilombo dos Palmares, localizado na Serra da Barriga (atualmente em Alagoas), \u00e9 o mais emblem\u00e1tico. Liderado por Zumbi dos Palmares, foi um dos maiores s\u00edmbolos de luta contra a escravid\u00e3o no Brasil, abrigando milhares de pessoas e funcionando como uma sociedade organizada e autossuficiente.<\/p>\n<p><strong>Cultura e Identidade<\/strong><br \/>\nAs comunidades quilombolas preservam tra\u00e7os culturais \u00fanicos, como dan\u00e7as, m\u00fasicas, culin\u00e1rias e pr\u00e1ticas religiosas que misturam tradi\u00e7\u00f5es africanas e locais. Festas como a congada, o maracatu e as celebra\u00e7\u00f5es religiosas em homenagem aos santos cat\u00f3licos e orix\u00e1s refor\u00e7am uma identidade cultural quilombola.<\/p>\n<p>A Constitui\u00e7\u00e3o de 1988 reconheceu os direitos das comunidades quilombolas \u00e0 posse de suas terras. No entanto, o processo de titula\u00e7\u00e3o \u00e9 lento e enfrenta desafios, como a resist\u00eancia dos propriet\u00e1rios de terras e a falta de recursos p\u00fablicos. Muitos quilombos ainda aguardam o reconhecimento oficial, essencial para garantir sua sobreviv\u00eancia. Por\u00e9m, os \u00faltimos gestos do presidente Luiz In\u00e1cio Lula da Silva indicam que o quadro come\u00e7a a mudar favoravelmente para os quilombolas.<\/p>\n<p>Apesar de sua import\u00e2ncia hist\u00f3rica e cultural, as comunidades quilombolas enfrentam problemas significativos, como acesso limitado a servi\u00e7os b\u00e1sicos de sa\u00fade, educa\u00e7\u00e3o. N\u00e3o bastasse isso, existem as lutas das qust\u00f5es fundi\u00e1rias, bem como a vulnerabilidade econ\u00f4mica.<\/p>\n<p>No Nordeste, os principais quilombos s\u00e3o o de Concei\u00e7\u00e3o das Crioulas (PE), Quilombo de Mocambo (SE) e Quilombo de Tapuio (PI). Mas \u00e9 certo que o povo quilombola se espalha por toda a regi\u00e3o. E hoje, mais do que nunca, se preparam para festejar avan\u00e7os.<\/p>\n<p>Nos \u00faltimos anos, organiza\u00e7\u00f5es governamentais e n\u00e3o governamentais t\u00eam trabalhado para promover o desenvolvimento dessas comunidades. Projetos de preserva\u00e7\u00e3o cultural, incentivo \u00e0 agricultura sustent\u00e1vel e educa\u00e7\u00e3o s\u00e3o algumas das iniciativas.<\/p>\n<p>A resist\u00eancia e a resili\u00eancia das comunidades quilombolas no Nordeste continuam a ser um s\u00edmbolo de luta por igualdade e reconhecimento no Brasil. A preserva\u00e7\u00e3o dessas comunidades n\u00e3o \u00e9 apenas uma quest\u00e3o de justi\u00e7a social, mas tamb\u00e9m de valoriza\u00e7\u00e3o da riqueza diversificada.<\/p>\n","protected":false},"excerpt":{"rendered":"<p>As comunidades quilombolas do Nordeste do Brasil representam uma parte fundamental da hist\u00f3ria, cultura e resist\u00eancia do pa\u00eds. Talvez por isso o governo Lula 3 tenha decidido prestar mais aten\u00e7\u00e3o a essas comunidades, formadas, em sua maioria, por descendentes de africanos escravizados que fugiram do regime escravista e conquistaram espa\u00e7os de liberdade em regi\u00f5es remotas. [&hellip;]<\/p>\n","protected":false},"author":2,"featured_media":342137,"comment_status":"closed","ping_status":"closed","sticky":false,"template":"","format":"standard","meta":{"_acf_changed":false,"footnotes":""},"categories":[165],"tags":[],"class_list":["post-342136","post","type-post","status-publish","format-standard","has-post-thumbnail","hentry","category-nordeste"],"acf":[],"_links":{"self":[{"href":"https:\/\/www.notibras.com\/site\/wp-json\/wp\/v2\/posts\/342136","targetHints":{"allow":["GET"]}}],"collection":[{"href":"https:\/\/www.notibras.com\/site\/wp-json\/wp\/v2\/posts"}],"about":[{"href":"https:\/\/www.notibras.com\/site\/wp-json\/wp\/v2\/types\/post"}],"author":[{"embeddable":true,"href":"https:\/\/www.notibras.com\/site\/wp-json\/wp\/v2\/users\/2"}],"replies":[{"embeddable":true,"href":"https:\/\/www.notibras.com\/site\/wp-json\/wp\/v2\/comments?post=342136"}],"version-history":[{"count":2,"href":"https:\/\/www.notibras.com\/site\/wp-json\/wp\/v2\/posts\/342136\/revisions"}],"predecessor-version":[{"id":342139,"href":"https:\/\/www.notibras.com\/site\/wp-json\/wp\/v2\/posts\/342136\/revisions\/342139"}],"wp:featuredmedia":[{"embeddable":true,"href":"https:\/\/www.notibras.com\/site\/wp-json\/wp\/v2\/media\/342137"}],"wp:attachment":[{"href":"https:\/\/www.notibras.com\/site\/wp-json\/wp\/v2\/media?parent=342136"}],"wp:term":[{"taxonomy":"category","embeddable":true,"href":"https:\/\/www.notibras.com\/site\/wp-json\/wp\/v2\/categories?post=342136"},{"taxonomy":"post_tag","embeddable":true,"href":"https:\/\/www.notibras.com\/site\/wp-json\/wp\/v2\/tags?post=342136"}],"curies":[{"name":"wp","href":"https:\/\/api.w.org\/{rel}","templated":true}]}}