{"id":342143,"date":"2024-12-01T00:46:49","date_gmt":"2024-12-01T03:46:49","guid":{"rendered":"https:\/\/www.notibras.com\/site\/?p=342143"},"modified":"2024-12-01T00:46:49","modified_gmt":"2024-12-01T03:46:49","slug":"brasilia-abre-as-portas-para-o-mais-longevo-festival-de-cinema-do-brasil","status":"publish","type":"post","link":"https:\/\/www.notibras.com\/site\/brasilia-abre-as-portas-para-o-mais-longevo-festival-de-cinema-do-brasil\/","title":{"rendered":"Bras\u00edlia abre as portas para o mais longevo festival de cinema do Brasil"},"content":{"rendered":"<p>Os aficionados pela s\u00e9tima arte t\u00eam, na 57\u00aa edi\u00e7\u00e3o Festival Bras\u00edlia do Cinema Brasileiro, oportunidade para dar vaz\u00e3o a esta paix\u00e3o, acompanhando as dezenas de filmes que v\u00e3o compor a mostra, repleta tamb\u00e9m de debates, confer\u00eancias, masterclasses, apresenta\u00e7\u00f5es musicais e encontros, al\u00e9m, \u00e9 claro, das premia\u00e7\u00f5es.<\/p>\n<p>O mais longevo festival de cinema do pa\u00eds come\u00e7ou no s\u00e1bado (30) e vai at\u00e9 o dia 7 de dezembro. Haver\u00e1, em meio \u00e0 programa\u00e7\u00e3o, sess\u00f5es especiais, com filmes voltados ao p\u00fablico infantil e, tamb\u00e9m, obras cinematogr\u00e1ficas antigas, algumas delas, restauradas.<\/p>\n<p>As mostras ser\u00e3o no Plano Piloto e, tamb\u00e9m, no Gama, em Planaltina e em Taguatinga, at\u00e9 o dia 7 de dezembro.<\/p>\n<p>Programa\u00e7\u00e3o, locais de exibi\u00e7\u00e3o e outras informa\u00e7\u00f5es sobre a 57\u00aa edi\u00e7\u00e3o est\u00e3o dispon\u00edveis no site do festival ou nas redes sociais do evento.<\/p>\n<p>\u201cConforme a tradi\u00e7\u00e3o do Festival de Bras\u00edlia de manter a sua programa\u00e7\u00e3o amplamente acess\u00edvel, praticamente todas as sess\u00f5es da 57\u00aa edi\u00e7\u00e3o ser\u00e3o gratuitas\u201d, informam os organizadores.<\/p>\n<p>As sess\u00f5es tamb\u00e9m ser\u00e3o gratuitas em Planaltina, Gama e Taguatinga.<\/p>\n<p>No Cine Bras\u00edlia s\u00f3 ser\u00e1 necess\u00e1rio comprar ingressos para a Mostra Competitiva Nacional &#8211; at\u00e9 4 por pessoa -, que custar\u00e3o R$ 10 a meia e R$ 20 a inteira.<\/p>\n<p>\u201cA compra e retirada de ingressos deve ser feita de forma presencial, na bilheteria do Cine Bras\u00edlia, no dia da sess\u00e3o pretendida, a partir das 14h. Todas as outras exibi\u00e7\u00f5es t\u00eam entrada gratuita, por ordem de chegada e sem retirada de ingressos\u201d, explicam os organizadores.<\/p>\n<p><strong>Abertura<\/strong><br \/>\nDurante a abertura do festival foram feitas rever\u00eancias \u00e0 grande homenageada desta edi\u00e7\u00e3o, a atriz Zez\u00e9 Motta, de 80 anos de idade. Ela recebeu o primeiro Trof\u00e9u Candango do 57\u00ba Festival de Bras\u00edlia em celebra\u00e7\u00e3o ao conjunto de sua obra, composta por 55 filmes e mais de 50 produ\u00e7\u00f5es para TV, al\u00e9m de 14 \u00e1lbuns lan\u00e7ados.<\/p>\n<p>Na edi\u00e7\u00e3o de 1975 do festival, a atriz recebeu o Candango de Melhor Atriz pela atua\u00e7\u00e3o no filme Xica da Silva, de Cac\u00e1 Diegues, motivo pelo qual o filme integra a programa\u00e7\u00e3o da atual edi\u00e7\u00e3o.<\/p>\n<p>Tamb\u00e9m foi homenageado o documentarista Delvair Montagner, que recebeu, da Associa\u00e7\u00e3o Brasiliense de Cinema e V\u00eddeo, um pr\u00eamio em reconhecimento ao seu trabalho. J\u00e1 o pr\u00eamio Leila Diniz foi concedido \u00e0 produtora Sara Silveira, pela \u201cextensa trajet\u00f3ria na produ\u00e7\u00e3o que marcou o cinema brasileiro para sempre\u201d.<\/p>\n<p>Outro homenageado \u00e9 o professor, curador, autor e organizador de publica\u00e7\u00f5es Jo\u00e3o Luiz Vieira, que recebeu a Medalha Paulo Em\u00edlio Salles Gomes por sua dedica\u00e7\u00e3o \u00e0 pesquisa, preserva\u00e7\u00e3o e pensamento do cinema nacional.<\/p>\n<p><strong>Debates<\/strong><br \/>\n\u00c9 tamb\u00e9m tradi\u00e7\u00e3o do Festival de Bras\u00edlia debates sobre filmes assistidos. A ideia \u00e9 a de provocar reflex\u00f5es para os paradigmas da sociedade contempor\u00e2nea. Esses debates, gratuitos e abertos ao p\u00fablico, ser\u00e3o, em geral, nas pr\u00f3prias salas de exibi\u00e7\u00e3o, exceto a do filme de abertura e da Mostra Competitiva Nacional, que ser\u00e3o no Hotel Grand Mercure, no Eixo Monumental.<\/p>\n<p>Os debates da mostra competitiva ser\u00e3o transmitidos no canal do festival no YouTube . Ser\u00e3o, ao todo, 27 debates, todos conduzidos por mediadores.<\/p>\n<p>Nesta edi\u00e7\u00e3o ocorrer\u00e1 tamb\u00e9m a 4\u00aa Confer\u00eancia Audiovisual, um espa\u00e7o para debates e proposi\u00e7\u00f5es com o tema Soberania do Audiovisual Brasileiro em 2024.<\/p>\n<p>O ambiente de mercado ser\u00e1 abordado tamb\u00e9m nas masterclasses do festival, a serem ministradas gratuitamente pelas cineastas Rita von Hunty e Petra Costa, no Cine Bras\u00edlia, nos dias 1\u00ba e 3 de dezembro, respectivamente. Ser\u00e1 um espa\u00e7o destinado a \u201caprendizado, trocas e debates essenciais para que o p\u00fablico afie o pensamento cr\u00edtico e mergulhe nas narrativas e est\u00e9ticas do nosso audiovisual\u201d. A entrada \u00e9 por ordem de chegada, respeitando a lota\u00e7\u00e3o da sala.<\/p>\n<p>Segundo os organizadores, os n\u00fameros do 57\u00ba Festival de Bras\u00edlia demonstram o bom momento do cinema brasileiro. Com 264 projetos inscritos, 102 deles foram selecionados para participar de 179 reuni\u00f5es exclusivas com os 19 players convidados.<\/p>\n","protected":false},"excerpt":{"rendered":"<p>Os aficionados pela s\u00e9tima arte t\u00eam, na 57\u00aa edi\u00e7\u00e3o Festival Bras\u00edlia do Cinema Brasileiro, oportunidade para dar vaz\u00e3o a esta paix\u00e3o, acompanhando as dezenas de filmes que v\u00e3o compor a mostra, repleta tamb\u00e9m de debates, confer\u00eancias, masterclasses, apresenta\u00e7\u00f5es musicais e encontros, al\u00e9m, \u00e9 claro, das premia\u00e7\u00f5es. O mais longevo festival de cinema do pa\u00eds come\u00e7ou [&hellip;]<\/p>\n","protected":false},"author":2,"featured_media":342144,"comment_status":"closed","ping_status":"closed","sticky":false,"template":"","format":"standard","meta":{"_acf_changed":false,"footnotes":""},"categories":[161],"tags":[],"class_list":["post-342143","post","type-post","status-publish","format-standard","has-post-thumbnail","hentry","category-quadradinho-em-foco"],"acf":[],"_links":{"self":[{"href":"https:\/\/www.notibras.com\/site\/wp-json\/wp\/v2\/posts\/342143","targetHints":{"allow":["GET"]}}],"collection":[{"href":"https:\/\/www.notibras.com\/site\/wp-json\/wp\/v2\/posts"}],"about":[{"href":"https:\/\/www.notibras.com\/site\/wp-json\/wp\/v2\/types\/post"}],"author":[{"embeddable":true,"href":"https:\/\/www.notibras.com\/site\/wp-json\/wp\/v2\/users\/2"}],"replies":[{"embeddable":true,"href":"https:\/\/www.notibras.com\/site\/wp-json\/wp\/v2\/comments?post=342143"}],"version-history":[{"count":1,"href":"https:\/\/www.notibras.com\/site\/wp-json\/wp\/v2\/posts\/342143\/revisions"}],"predecessor-version":[{"id":342145,"href":"https:\/\/www.notibras.com\/site\/wp-json\/wp\/v2\/posts\/342143\/revisions\/342145"}],"wp:featuredmedia":[{"embeddable":true,"href":"https:\/\/www.notibras.com\/site\/wp-json\/wp\/v2\/media\/342144"}],"wp:attachment":[{"href":"https:\/\/www.notibras.com\/site\/wp-json\/wp\/v2\/media?parent=342143"}],"wp:term":[{"taxonomy":"category","embeddable":true,"href":"https:\/\/www.notibras.com\/site\/wp-json\/wp\/v2\/categories?post=342143"},{"taxonomy":"post_tag","embeddable":true,"href":"https:\/\/www.notibras.com\/site\/wp-json\/wp\/v2\/tags?post=342143"}],"curies":[{"name":"wp","href":"https:\/\/api.w.org\/{rel}","templated":true}]}}