{"id":342149,"date":"2024-12-01T00:03:16","date_gmt":"2024-12-01T03:03:16","guid":{"rendered":"https:\/\/www.notibras.com\/site\/?p=342149"},"modified":"2024-12-01T01:05:10","modified_gmt":"2024-12-01T04:05:10","slug":"papuda-vai-vender-mudas-nativas-produzidas-por-detentos","status":"publish","type":"post","link":"https:\/\/www.notibras.com\/site\/papuda-vai-vender-mudas-nativas-produzidas-por-detentos\/","title":{"rendered":"Papuda vai vender mudas nativas produzidas por detentos"},"content":{"rendered":"<p>As mudas nativas do Cerrado cultivadas por reeducandos na fazenda do Complexo Penitenci\u00e1rio da Papuda ser\u00e3o vendidas pela Funda\u00e7\u00e3o de Amparo ao Trabalhador Preso (Funap-DF), vinculada \u00e0 Secretaria de Justi\u00e7a e Cidadania do Distrito Federal (Sejus-DF). O objetivo da comercializa\u00e7\u00e3o \u00e9 dar vaz\u00e3o \u00e0 produ\u00e7\u00e3o e garantir recursos para serem investidos no projeto que faz a ressocializa\u00e7\u00e3o de reeducandos por meio da profissionaliza\u00e7\u00e3o na \u00e1rea agr\u00edcola.<\/p>\n<p>A iniciativa ainda est\u00e1 em fase de implementa\u00e7\u00e3o e tem como p\u00fablico-alvo pessoas interessadas na aquisi\u00e7\u00e3o de plantas para reflorestamento ou planta\u00e7\u00e3o pr\u00f3pria em ch\u00e1caras, s\u00edtios e fazendas. Al\u00e9m das mudas, o projeto tamb\u00e9m prev\u00ea a oferta de m\u00e3o de obra para a planta\u00e7\u00e3o.<\/p>\n<p>\u201cTemos o projeto do viveiro h\u00e1 muitos anos. Mas durante muito tempo s\u00f3 produzimos para a Novacap. Agora vamos expandir para pessoas que querem recuperar uma \u00e1rea degradada ou simplesmente queiram mudas frut\u00edferas para suas ch\u00e1caras e s\u00edtios. As principais fun\u00e7\u00f5es do projeto s\u00e3o a ressocializa\u00e7\u00e3o e a profissionaliza\u00e7\u00e3o dos internos\u201d, explica o gerente da \u00c1rea Agr\u00edcola da Funap-DF, Claudionor Rodrigues.<\/p>\n<p>Atualmente, o cultivo e a produ\u00e7\u00e3o s\u00e3o feitos por 39 internos do complexo prisional. O viveiro conta com esp\u00e9cies tradicionais do bioma Cerrado, como aroeira, flamboyant e ip\u00ea-roxo, que s\u00e3o bastante usadas para reflorestamento e embelezamento urbano, al\u00e9m de \u00e1rvores frut\u00edferas, a exemplo de jabuticabeira, limoeiro e mangueira.<\/p>\n<p>Para a aquisi\u00e7\u00e3o de mudas, os interessados devem solicitar or\u00e7amento, lista completa de mudas e informa\u00e7\u00f5es sobre a contrata\u00e7\u00e3o diretamente \u00e0 Funap pelo telefone (61) 3686-5000 ou pelo e-mail: direx.funap@sejus.df.gov.br.<\/p>\n<p><strong>Miss\u00e3o<\/strong><br \/>\nO projeto da Fazenda da Papuda tem como miss\u00e3o oferecer profissionaliza\u00e7\u00e3o aos reeducandos do sistema prisional. As atividades agr\u00edcolas s\u00e3o feitas intramuros e costumam ter um resultado bastante positivo. A estimativa da Funap-DF \u00e9 que at\u00e9 80% dos internos que atuam no projeto n\u00e3o voltam a cometer crimes e conseguem inser\u00e7\u00e3o no mercado de trabalho.<\/p>\n<p>\u201c\u00c9 uma oportunidade dos reeducandos aprenderem um novo of\u00edcio que possa representar uma nova hist\u00f3ria fora do sistema. Al\u00e9m disso, atribui novos conhecimentos em cuidados com meio ambiente que, em contrapartida, beneficia o DF com arboriza\u00e7\u00e3o e prote\u00e7\u00e3o da flora local\u201d, destaca a secret\u00e1ria de Justi\u00e7a e Cidadania, Marcela Passamani.<\/p>\n<p>Para a diretora-executiva da Funap-DF, Deuselita Martins, o projeto refor\u00e7a o compromisso da funda\u00e7\u00e3o com a ressocializa\u00e7\u00e3o dos internos e com o cuidado ao meio ambiente. \u201cA oferta de mudas do Cerrado, juntamente com a m\u00e3o de obra especializada, representa nosso esfor\u00e7o em contribuir para a sustentabilidade e apoiar o desenvolvimento de uma sociedade mais inclusiva e consciente\u201d, comenta.<\/p>\n","protected":false},"excerpt":{"rendered":"<p>As mudas nativas do Cerrado cultivadas por reeducandos na fazenda do Complexo Penitenci\u00e1rio da Papuda ser\u00e3o vendidas pela Funda\u00e7\u00e3o de Amparo ao Trabalhador Preso (Funap-DF), vinculada \u00e0 Secretaria de Justi\u00e7a e Cidadania do Distrito Federal (Sejus-DF). O objetivo da comercializa\u00e7\u00e3o \u00e9 dar vaz\u00e3o \u00e0 produ\u00e7\u00e3o e garantir recursos para serem investidos no projeto que faz [&hellip;]<\/p>\n","protected":false},"author":2,"featured_media":342150,"comment_status":"closed","ping_status":"closed","sticky":false,"template":"","format":"standard","meta":{"_acf_changed":false,"footnotes":""},"categories":[161],"tags":[],"class_list":["post-342149","post","type-post","status-publish","format-standard","has-post-thumbnail","hentry","category-quadradinho-em-foco"],"acf":[],"_links":{"self":[{"href":"https:\/\/www.notibras.com\/site\/wp-json\/wp\/v2\/posts\/342149","targetHints":{"allow":["GET"]}}],"collection":[{"href":"https:\/\/www.notibras.com\/site\/wp-json\/wp\/v2\/posts"}],"about":[{"href":"https:\/\/www.notibras.com\/site\/wp-json\/wp\/v2\/types\/post"}],"author":[{"embeddable":true,"href":"https:\/\/www.notibras.com\/site\/wp-json\/wp\/v2\/users\/2"}],"replies":[{"embeddable":true,"href":"https:\/\/www.notibras.com\/site\/wp-json\/wp\/v2\/comments?post=342149"}],"version-history":[{"count":1,"href":"https:\/\/www.notibras.com\/site\/wp-json\/wp\/v2\/posts\/342149\/revisions"}],"predecessor-version":[{"id":342151,"href":"https:\/\/www.notibras.com\/site\/wp-json\/wp\/v2\/posts\/342149\/revisions\/342151"}],"wp:featuredmedia":[{"embeddable":true,"href":"https:\/\/www.notibras.com\/site\/wp-json\/wp\/v2\/media\/342150"}],"wp:attachment":[{"href":"https:\/\/www.notibras.com\/site\/wp-json\/wp\/v2\/media?parent=342149"}],"wp:term":[{"taxonomy":"category","embeddable":true,"href":"https:\/\/www.notibras.com\/site\/wp-json\/wp\/v2\/categories?post=342149"},{"taxonomy":"post_tag","embeddable":true,"href":"https:\/\/www.notibras.com\/site\/wp-json\/wp\/v2\/tags?post=342149"}],"curies":[{"name":"wp","href":"https:\/\/api.w.org\/{rel}","templated":true}]}}