{"id":342155,"date":"2024-12-01T01:22:07","date_gmt":"2024-12-01T04:22:07","guid":{"rendered":"https:\/\/www.notibras.com\/site\/?p=342155"},"modified":"2024-12-01T01:24:01","modified_gmt":"2024-12-01T04:24:01","slug":"ademir-o-palmeirense-brilhante-aplaudido-ate-pelos-times-adversarios","status":"publish","type":"post","link":"https:\/\/www.notibras.com\/site\/ademir-o-palmeirense-brilhante-aplaudido-ate-pelos-times-adversarios\/","title":{"rendered":"Ademir, o palmeirense brilhante aplaudido at\u00e9 pelos times advers\u00e1rios"},"content":{"rendered":"<p>Ele j\u00e1 havia nascido Divino, pois, nesse caso, era sobrenome herdado do pai, um certo Domingos. Por isso mesmo, cresceu com a responsabilidade de ser craque, algo praticamente fadado ao fracasso, haja vista tantos outros casos antes e depois. Talvez nem pensasse nisso, mesmo porque, parece, o pai o havia orientado desde cedo: &#8220;Mantenha os p\u00e9s firmes no ch\u00e3o!&#8221;<\/p>\n<p>N\u00e3o se sabe ao certo se essa frase foi mesmo dita, talvez seja apenas coisa de algum torcedor fan\u00e1tico querendo dar um ar de magia \u00e0 hist\u00f3ria do Ademir. N\u00e3o aquele hom\u00f4nimo que jogou no Vasco. O Ademir desta hist\u00f3ria \u00e9 outro, ou melhor, provavelmente o \u00fanico que vem \u00e0 mente dos apaixonados torcedores do Palmeiras, entre os quais se encontra a minha esposa, que nem mesmo o viu jogar. Mas ela, esperta como \u00e9, j\u00e1 correu praticamente todos os v\u00eddeos na internet \u00e0 procura desse craque de bola: Ademir da Guia, o Divino!<\/p>\n<p>A eleg\u00e2ncia e o toque fino de bola, foram do pai que herdou. No entanto, n\u00e3o queria ficar olhando o jogo l\u00e1 de tr\u00e1s. &#8220;Meu lugar \u00e9 no meio campo, j\u00e1 chegando na \u00e1rea do advers\u00e1rio&#8221;, talvez tenha dito para o pai.<\/p>\n<p>Como \u00e9 gostoso imaginar o que tenha passado na cabe\u00e7a desse g\u00eanio gentil. Entretanto, posso afirmar com precis\u00e3o que at\u00e9 mesmo eu, que fui um menino desde cedo cercado por bot\u00f5es, e nem sendo torcedor do Verd\u00e3o, pelo menos at\u00e9 ent\u00e3o, tive um do Ademir. Sim, um bot\u00e3o verde, a foto do Divino ao centro. Infelizmente, o tempo acabou me levando tal rel\u00edquia, mas a mem\u00f3ria, ainda que falha, n\u00e3o me deixa esquecer de algumas jogadas divinas desse mestre da arte de jogar futebol.<\/p>\n<p>E se o pai era incapaz de dar um pontap\u00e9, o Ademir recebeu v\u00e1rios, in\u00fameros, infinitos. Todos, por\u00e9m, foram ineficazes, pois n\u00e3o o fizeram truculento, j\u00e1 que a eleg\u00e2ncia sempre o acompanhou. Voc\u00ea j\u00e1 viu uma entrevista do Ademir? Pois assista! Aquela voz macia, doce at\u00e9, o levar\u00e1 a vislumbrar o futebol encantador desse Guia do Palmeiras por anos a fio.<\/p>\n<p>Minha esposa sabe muito bem disso! Tanto \u00e9 que ela afirma com todas as letras que o Ademir \u00e9 o maior jogador da hist\u00f3ria. N\u00e3o h\u00e1 Garrincha, Pel\u00e9 ou Maradona que consiga suplantar as fa\u00e7anhas do craque palmeirense. Fa\u00e7o at\u00e9 uma confiss\u00e3o para voc\u00ea: ela me intimou a ser torcedor do Palmeiras. E ai de mim, se eu me recusasse. Mas, falando a verdade, nem foi t\u00e3o dif\u00edcil assim, j\u00e1 que as fartas recorda\u00e7\u00f5es da minha inf\u00e2ncia, quando o Ademir era absoluto, conseguiram dar um tom de clorofila ao meu cora\u00e7\u00e3o.<\/p>\n<p>&#8230;&#8230;&#8230;&#8230;&#8230;&#8230;&#8230;&#8230;&#8230;&#8230;&#8230;&#8230;&#8230;&#8230;<\/p>\n<p>*<strong>Eduardo Mart\u00ednez \u00e9 autor do livro \u201c57 Contos e Cr\u00f4nicas por um Autor muito Velho\u201d.<\/strong><\/p>\n<div class=\"mvp-post-soc-in\">\n<div id=\"mvp-content-body\" class=\"left relative\">\n<div id=\"mvp-content-body-top\" class=\"left relative\">\n<div id=\"mvp-content-main\" class=\"left relative\">\n<p>Compre aqui\u00a0<span class=\"x19la9d6 x1fc57z9 x6ikm8r x10wlt62 x19co3pv x1g5zs5t xfibh0p xiy17q3 x1xsqp64 x1lkfr7t xexx8yu x4uap5 x18d9i69 xkhd6sd\"><span class=\"xrtxmta x1bhl96m\"><img decoding=\"async\" class=\"emoji\" role=\"img\" draggable=\"false\" src=\"https:\/\/s.w.org\/images\/core\/emoji\/14.0.0\/svg\/1f447-1f3ff.svg\" alt=\"&#x1f447;&#x1f3ff;\" \/><\/span><\/span><span class=\"x19la9d6 x1fc57z9 x6ikm8r x10wlt62 x19co3pv x1g5zs5t xfibh0p xiy17q3 x1xsqp64 x1lkfr7t xexx8yu x4uap5 x18d9i69 xkhd6sd\"><span class=\"xrtxmta x1bhl96m\"><img decoding=\"async\" class=\"emoji\" role=\"img\" draggable=\"false\" src=\"https:\/\/s.w.org\/images\/core\/emoji\/14.0.0\/svg\/1f447-1f3ff.svg\" alt=\"&#x1f447;&#x1f3ff;\" \/><\/span><\/span><span class=\"x19la9d6 x1fc57z9 x6ikm8r x10wlt62 x19co3pv x1g5zs5t xfibh0p xiy17q3 x1xsqp64 x1lkfr7t xexx8yu x4uap5 x18d9i69 xkhd6sd\"><span class=\"xrtxmta x1bhl96m\"><img decoding=\"async\" class=\"emoji\" role=\"img\" draggable=\"false\" src=\"https:\/\/s.w.org\/images\/core\/emoji\/14.0.0\/svg\/1f447-1f3ff.svg\" alt=\"&#x1f447;&#x1f3ff;\" \/><\/span><\/span><\/p>\n<p><a href=\"http:\/\/www.joanineditora.com.br\/57-contos-e-cronicas-por-um-autor-muito-velho\">http:\/\/www.joanineditora.com.br\/57-contos-e-cronicas-por-um-autor-muito-velho<\/a><\/p>\n<\/div>\n<\/div>\n<\/div>\n<\/div>\n","protected":false},"excerpt":{"rendered":"<p>Ele j\u00e1 havia nascido Divino, pois, nesse caso, era sobrenome herdado do pai, um certo Domingos. Por isso mesmo, cresceu com a responsabilidade de ser craque, algo praticamente fadado ao fracasso, haja vista tantos outros casos antes e depois. Talvez nem pensasse nisso, mesmo porque, parece, o pai o havia orientado desde cedo: &#8220;Mantenha os [&hellip;]<\/p>\n","protected":false},"author":2,"featured_media":342156,"comment_status":"closed","ping_status":"closed","sticky":false,"template":"","format":"standard","meta":{"_acf_changed":false,"footnotes":""},"categories":[161],"tags":[],"class_list":["post-342155","post","type-post","status-publish","format-standard","has-post-thumbnail","hentry","category-quadradinho-em-foco"],"acf":[],"_links":{"self":[{"href":"https:\/\/www.notibras.com\/site\/wp-json\/wp\/v2\/posts\/342155","targetHints":{"allow":["GET"]}}],"collection":[{"href":"https:\/\/www.notibras.com\/site\/wp-json\/wp\/v2\/posts"}],"about":[{"href":"https:\/\/www.notibras.com\/site\/wp-json\/wp\/v2\/types\/post"}],"author":[{"embeddable":true,"href":"https:\/\/www.notibras.com\/site\/wp-json\/wp\/v2\/users\/2"}],"replies":[{"embeddable":true,"href":"https:\/\/www.notibras.com\/site\/wp-json\/wp\/v2\/comments?post=342155"}],"version-history":[{"count":2,"href":"https:\/\/www.notibras.com\/site\/wp-json\/wp\/v2\/posts\/342155\/revisions"}],"predecessor-version":[{"id":342158,"href":"https:\/\/www.notibras.com\/site\/wp-json\/wp\/v2\/posts\/342155\/revisions\/342158"}],"wp:featuredmedia":[{"embeddable":true,"href":"https:\/\/www.notibras.com\/site\/wp-json\/wp\/v2\/media\/342156"}],"wp:attachment":[{"href":"https:\/\/www.notibras.com\/site\/wp-json\/wp\/v2\/media?parent=342155"}],"wp:term":[{"taxonomy":"category","embeddable":true,"href":"https:\/\/www.notibras.com\/site\/wp-json\/wp\/v2\/categories?post=342155"},{"taxonomy":"post_tag","embeddable":true,"href":"https:\/\/www.notibras.com\/site\/wp-json\/wp\/v2\/tags?post=342155"}],"curies":[{"name":"wp","href":"https:\/\/api.w.org\/{rel}","templated":true}]}}