{"id":342209,"date":"2024-12-02T06:32:45","date_gmt":"2024-12-02T09:32:45","guid":{"rendered":"https:\/\/www.notibras.com\/site\/?p=342209"},"modified":"2024-12-02T06:32:45","modified_gmt":"2024-12-02T09:32:45","slug":"indigenas-de-alagoas-avancam-pela-sobrevivencia","status":"publish","type":"post","link":"https:\/\/www.notibras.com\/site\/indigenas-de-alagoas-avancam-pela-sobrevivencia\/","title":{"rendered":"Ind\u00edgenas de Alagoas avan\u00e7am pela sobreviv\u00eancia"},"content":{"rendered":"<p>Os ind\u00edgenas Tingui-Bot\u00f3, que vivem numa \u00e1rea de Feira Grande, no interior de Alagoas, t\u00eam se destacado como refer\u00eancia em produ\u00e7\u00e3o sustent\u00e1vel e valoriza\u00e7\u00e3o da cultura ancestral. A comunidade, composta por cerca de 350 pessoas, utiliza pr\u00e1ticas agr\u00edcolas tradicionais e inovadoras para garantir a preserva\u00e7\u00e3o ambiental e o pr\u00f3prio sustento.<\/p>\n<p>Os Tingui-Bot\u00f3 adotam t\u00e9cnicas agroecol\u00f3gicas, como o cultivo em cons\u00f3rcios, rota\u00e7\u00e3o de culturas e o uso de biofertilizantes, minimizando impactos ambientais e preservando a fertilidade do solo. Dentre os principais produtos cultivados est\u00e3o o milho, a mandioca e as hortali\u00e7as, al\u00e9m da produ\u00e7\u00e3o de mel org\u00e2nico, que ganhou destaque pela qualidade.<\/p>\n<p><strong>Preserva\u00e7\u00e3o Cultural<\/strong><br \/>\nA sustentabilidade tamb\u00e9m \u00e9 uma extens\u00e3o do compromisso com a preserva\u00e7\u00e3o de sua cultura. Os Tingui-Bot\u00f3 promovem feiras culturais e eventos comunit\u00e1rios, onde conjuntamente o seu artesanato, culin\u00e1ria t\u00edpica e dan\u00e7as tradicionais, conectando-se ao turismo de base comunit\u00e1ria e sensibilizando os visitantes sobre a import\u00e2ncia de pr\u00e1ticas sustent\u00e1veis.<\/p>\n<p>Os esfor\u00e7os da comunidade recebem apoio de organiza\u00e7\u00f5es n\u00e3o governamentais e pol\u00edticas p\u00fablicas externas para povos ind\u00edgenas, o que contribui para o fortalecimento das a\u00e7\u00f5es de sustentabilidade. A produ\u00e7\u00e3o da aldeia j\u00e1 foi premiada em eventos regionais, consolidando o Tingui-Bot\u00f3 como um modelo de integra\u00e7\u00e3o entre tradi\u00e7\u00e3o e inova\u00e7\u00e3o.<\/p>\n<p>Este exemplo do Tingui-Bot\u00f3 \u00e9 um marco para o desenvolvimento sustent\u00e1vel em Alagoas, provando que \u00e9 poss\u00edvel equilibrar o progresso econ\u00f4mico com a preserva\u00e7\u00e3o ambiental e cultural.<\/p>\n","protected":false},"excerpt":{"rendered":"<p>Os ind\u00edgenas Tingui-Bot\u00f3, que vivem numa \u00e1rea de Feira Grande, no interior de Alagoas, t\u00eam se destacado como refer\u00eancia em produ\u00e7\u00e3o sustent\u00e1vel e valoriza\u00e7\u00e3o da cultura ancestral. A comunidade, composta por cerca de 350 pessoas, utiliza pr\u00e1ticas agr\u00edcolas tradicionais e inovadoras para garantir a preserva\u00e7\u00e3o ambiental e o pr\u00f3prio sustento. Os Tingui-Bot\u00f3 adotam t\u00e9cnicas agroecol\u00f3gicas, [&hellip;]<\/p>\n","protected":false},"author":2,"featured_media":342210,"comment_status":"closed","ping_status":"closed","sticky":false,"template":"","format":"standard","meta":{"_acf_changed":false,"footnotes":""},"categories":[165],"tags":[],"class_list":["post-342209","post","type-post","status-publish","format-standard","has-post-thumbnail","hentry","category-nordeste"],"acf":[],"_links":{"self":[{"href":"https:\/\/www.notibras.com\/site\/wp-json\/wp\/v2\/posts\/342209","targetHints":{"allow":["GET"]}}],"collection":[{"href":"https:\/\/www.notibras.com\/site\/wp-json\/wp\/v2\/posts"}],"about":[{"href":"https:\/\/www.notibras.com\/site\/wp-json\/wp\/v2\/types\/post"}],"author":[{"embeddable":true,"href":"https:\/\/www.notibras.com\/site\/wp-json\/wp\/v2\/users\/2"}],"replies":[{"embeddable":true,"href":"https:\/\/www.notibras.com\/site\/wp-json\/wp\/v2\/comments?post=342209"}],"version-history":[{"count":1,"href":"https:\/\/www.notibras.com\/site\/wp-json\/wp\/v2\/posts\/342209\/revisions"}],"predecessor-version":[{"id":342211,"href":"https:\/\/www.notibras.com\/site\/wp-json\/wp\/v2\/posts\/342209\/revisions\/342211"}],"wp:featuredmedia":[{"embeddable":true,"href":"https:\/\/www.notibras.com\/site\/wp-json\/wp\/v2\/media\/342210"}],"wp:attachment":[{"href":"https:\/\/www.notibras.com\/site\/wp-json\/wp\/v2\/media?parent=342209"}],"wp:term":[{"taxonomy":"category","embeddable":true,"href":"https:\/\/www.notibras.com\/site\/wp-json\/wp\/v2\/categories?post=342209"},{"taxonomy":"post_tag","embeddable":true,"href":"https:\/\/www.notibras.com\/site\/wp-json\/wp\/v2\/tags?post=342209"}],"curies":[{"name":"wp","href":"https:\/\/api.w.org\/{rel}","templated":true}]}}