{"id":342212,"date":"2024-12-02T00:00:23","date_gmt":"2024-12-02T03:00:23","guid":{"rendered":"https:\/\/www.notibras.com\/site\/?p=342212"},"modified":"2024-12-02T06:57:31","modified_gmt":"2024-12-02T09:57:31","slug":"alegria-alegria-mostra-que-gal-costa-ficou-para-a-eternidade","status":"publish","type":"post","link":"https:\/\/www.notibras.com\/site\/alegria-alegria-mostra-que-gal-costa-ficou-para-a-eternidade\/","title":{"rendered":"&#8216;Alegria, Alegria&#8217; mostra que Gal Costa ficou para a eternidade"},"content":{"rendered":"<p>Em uma noite de celebra\u00e7\u00e3o e mem\u00f3ria, Caetano Veloso e Maria Beth\u00e2nia subiram ao palco em Salvador no s\u00e1bado, 30, para homenagear Gal Costa, uma das vozes mais marcantes da m\u00fasica brasileira. O espet\u00e1culo, que reuniu f\u00e3s fervorosos e emocionados, foi mais do que um show; foi um ritual de saudade, gratid\u00e3o e arte.<\/p>\n<p>O local &#8211; a Arena Finte Nova &#8211; estava lotado, com uma atmosfera que oscilava entre a melancolia da perda e a alegria de celebrar um legado t\u00e3o vibrante. O cen\u00e1rio, simples mas carregado de simbolismos, inclu\u00eda imagens desenhadas por Gal Costa em diferentes fases de sua carreira. Cada fotografia parecia contar uma hist\u00f3ria de inova\u00e7\u00e3o, coragem e amor pela artista.<\/p>\n<p>Beth\u00e2nia, com sua voz \u00fanica e intensidade dram\u00e1tica, interpretada cl\u00e1ssica como &#8220;Baby&#8221;e &#8220;For\u00e7a Estranha&#8221;, &#8220;Divino Maravilhoso&#8221; e &#8220;Cora\u00e7\u00e3o Vagabundo&#8221;.<\/p>\n<p>Entre uma can\u00e7\u00e3o e outra, ambos compartilham hist\u00f3rias e mem\u00f3rias pessoais. Beth\u00e2nia relembrou momentos em Santo Amaro, cidade natal do trio, enquanto Caetano falava do impacto transformador que Gal teve na m\u00fasica e na vida cultural do Brasil. As palavras foram entremeadas por aplausos calorosos e, em alguns momentos, l\u00e1grimas na plateia.<\/p>\n<p>O ponto alto da noite foi quando ambos se uniram para cantar &#8220;Meu Nome \u00e9 Gal&#8221; . O dueto foi emocionante, uma esp\u00e9cie de despedida e celebrada ao mesmo tempo. O p\u00fablico, de p\u00e9, cantava junto, criando um coro que reverberava pelo teatro e, talvez, pelo cora\u00e7\u00e3o de quem sentia falta de Gal.<\/p>\n<p>A noite terminou com um bis cheio de emo\u00e7\u00e3o, com a m\u00fasica &#8220;Volta&#8221;, numa interpreta\u00e7\u00e3o t\u00e3o visceral que parecia pedir \u00e0 pr\u00f3pria Gal que continuasse viva em cada nota, em cada acorde. No final, n\u00e3o restaram d\u00favidas: enquanto houver m\u00fasica, Gal Costa ser\u00e1 eterna.<\/p>\n","protected":false},"excerpt":{"rendered":"<p>Em uma noite de celebra\u00e7\u00e3o e mem\u00f3ria, Caetano Veloso e Maria Beth\u00e2nia subiram ao palco em Salvador no s\u00e1bado, 30, para homenagear Gal Costa, uma das vozes mais marcantes da m\u00fasica brasileira. O espet\u00e1culo, que reuniu f\u00e3s fervorosos e emocionados, foi mais do que um show; foi um ritual de saudade, gratid\u00e3o e arte. O [&hellip;]<\/p>\n","protected":false},"author":2,"featured_media":342213,"comment_status":"closed","ping_status":"closed","sticky":false,"template":"","format":"standard","meta":{"_acf_changed":false,"footnotes":""},"categories":[165],"tags":[],"class_list":["post-342212","post","type-post","status-publish","format-standard","has-post-thumbnail","hentry","category-nordeste"],"acf":[],"_links":{"self":[{"href":"https:\/\/www.notibras.com\/site\/wp-json\/wp\/v2\/posts\/342212","targetHints":{"allow":["GET"]}}],"collection":[{"href":"https:\/\/www.notibras.com\/site\/wp-json\/wp\/v2\/posts"}],"about":[{"href":"https:\/\/www.notibras.com\/site\/wp-json\/wp\/v2\/types\/post"}],"author":[{"embeddable":true,"href":"https:\/\/www.notibras.com\/site\/wp-json\/wp\/v2\/users\/2"}],"replies":[{"embeddable":true,"href":"https:\/\/www.notibras.com\/site\/wp-json\/wp\/v2\/comments?post=342212"}],"version-history":[{"count":1,"href":"https:\/\/www.notibras.com\/site\/wp-json\/wp\/v2\/posts\/342212\/revisions"}],"predecessor-version":[{"id":342214,"href":"https:\/\/www.notibras.com\/site\/wp-json\/wp\/v2\/posts\/342212\/revisions\/342214"}],"wp:featuredmedia":[{"embeddable":true,"href":"https:\/\/www.notibras.com\/site\/wp-json\/wp\/v2\/media\/342213"}],"wp:attachment":[{"href":"https:\/\/www.notibras.com\/site\/wp-json\/wp\/v2\/media?parent=342212"}],"wp:term":[{"taxonomy":"category","embeddable":true,"href":"https:\/\/www.notibras.com\/site\/wp-json\/wp\/v2\/categories?post=342212"},{"taxonomy":"post_tag","embeddable":true,"href":"https:\/\/www.notibras.com\/site\/wp-json\/wp\/v2\/tags?post=342212"}],"curies":[{"name":"wp","href":"https:\/\/api.w.org\/{rel}","templated":true}]}}