{"id":342215,"date":"2024-12-02T00:05:03","date_gmt":"2024-12-02T03:05:03","guid":{"rendered":"https:\/\/www.notibras.com\/site\/?p=342215"},"modified":"2024-12-02T07:06:58","modified_gmt":"2024-12-02T10:06:58","slug":"recife-cria-parque-proprio-para-ser-alagado-durante-as-chuvas","status":"publish","type":"post","link":"https:\/\/www.notibras.com\/site\/recife-cria-parque-proprio-para-ser-alagado-durante-as-chuvas\/","title":{"rendered":"Recife cria parque pr\u00f3prio para ser alagado durante as chuvas"},"content":{"rendered":"<p>Recife deu um passo importante em termos de infraestrutura urbana sustent\u00e1vel com a inaugura\u00e7\u00e3o do primeiro parque projetado especificamente para alagar durante o per\u00edodo das chuvas. Localizado no bairro do Tejipi\u00f3, o Parque da Lagoa Encantada foi odealizado para solucionar muitos problemas.<\/p>\n<p>O parque integra um sistema de drenagem natural, aproveitando a geografia e a hidrologia local para criar um espa\u00e7o p\u00fablico multifuncional. Durante os per\u00edodos de seca, o local oferece \u00e1reas para atividades de lazer, esportes e conviv\u00eancia comunit\u00e1ria. J\u00e1 na temporada de chuvas, o parque era como um reservat\u00f3rio de conten\u00e7\u00e3o, mudando o risco de alagamentos nos bairros<\/p>\n<p>Entre as principais caracter\u00edsticas est\u00e3o:<\/p>\n<p><strong>Piscin\u00f5es naturais<\/strong><br \/>\n<strong>Paisagismo sustent\u00e1vel<\/strong><br \/>\n<strong>Infraestrutura resiliente<\/strong><br \/>\n<strong>Educa\u00e7\u00e3o ambiental<\/strong><br \/>\n<strong>Impacto social e ambiental<\/strong><\/p>\n<p>A iniciativa de busca n\u00e3o apenas combate os efeitos das enchentes, mas tamb\u00e9m promove um modelo de conviv\u00eancia mais harmonioso com o clima local. Segundo a Prefeitura de Recife, o parque deve beneficiar diretamente cerca de 20 mil pessoas que vivem em \u00e1reas suscet\u00edveis a inunda\u00e7\u00f5es<\/p>\n<p>Al\u00e9m disso, o projeto refor\u00e7a o papel do Recife como uma cidade pioneira em urbanismo adaptativo no Brasil, inspirando outras metr\u00f3poles a adot\u00e1-los<\/p>\n<p>Essa abordagem reflete uma tend\u00eancia global de adapta\u00e7\u00e3o clim\u00e1tica, onde espa\u00e7os urbanos s\u00e3o espec\u00edficos para absorver os desafios ambientais em vez de tentar resistir a eles.<\/p>\n","protected":false},"excerpt":{"rendered":"<p>Recife deu um passo importante em termos de infraestrutura urbana sustent\u00e1vel com a inaugura\u00e7\u00e3o do primeiro parque projetado especificamente para alagar durante o per\u00edodo das chuvas. Localizado no bairro do Tejipi\u00f3, o Parque da Lagoa Encantada foi odealizado para solucionar muitos problemas. O parque integra um sistema de drenagem natural, aproveitando a geografia e a [&hellip;]<\/p>\n","protected":false},"author":2,"featured_media":342216,"comment_status":"closed","ping_status":"closed","sticky":false,"template":"","format":"standard","meta":{"_acf_changed":false,"footnotes":""},"categories":[165],"tags":[],"class_list":["post-342215","post","type-post","status-publish","format-standard","has-post-thumbnail","hentry","category-nordeste"],"acf":[],"_links":{"self":[{"href":"https:\/\/www.notibras.com\/site\/wp-json\/wp\/v2\/posts\/342215","targetHints":{"allow":["GET"]}}],"collection":[{"href":"https:\/\/www.notibras.com\/site\/wp-json\/wp\/v2\/posts"}],"about":[{"href":"https:\/\/www.notibras.com\/site\/wp-json\/wp\/v2\/types\/post"}],"author":[{"embeddable":true,"href":"https:\/\/www.notibras.com\/site\/wp-json\/wp\/v2\/users\/2"}],"replies":[{"embeddable":true,"href":"https:\/\/www.notibras.com\/site\/wp-json\/wp\/v2\/comments?post=342215"}],"version-history":[{"count":1,"href":"https:\/\/www.notibras.com\/site\/wp-json\/wp\/v2\/posts\/342215\/revisions"}],"predecessor-version":[{"id":342217,"href":"https:\/\/www.notibras.com\/site\/wp-json\/wp\/v2\/posts\/342215\/revisions\/342217"}],"wp:featuredmedia":[{"embeddable":true,"href":"https:\/\/www.notibras.com\/site\/wp-json\/wp\/v2\/media\/342216"}],"wp:attachment":[{"href":"https:\/\/www.notibras.com\/site\/wp-json\/wp\/v2\/media?parent=342215"}],"wp:term":[{"taxonomy":"category","embeddable":true,"href":"https:\/\/www.notibras.com\/site\/wp-json\/wp\/v2\/categories?post=342215"},{"taxonomy":"post_tag","embeddable":true,"href":"https:\/\/www.notibras.com\/site\/wp-json\/wp\/v2\/tags?post=342215"}],"curies":[{"name":"wp","href":"https:\/\/api.w.org\/{rel}","templated":true}]}}