{"id":342218,"date":"2024-12-02T07:15:08","date_gmt":"2024-12-02T10:15:08","guid":{"rendered":"https:\/\/www.notibras.com\/site\/?p=342218"},"modified":"2024-12-02T07:15:08","modified_gmt":"2024-12-02T10:15:08","slug":"negras-se-mobilizam-para-2a-marcha-por-reparacao-e-bem-viver","status":"publish","type":"post","link":"https:\/\/www.notibras.com\/site\/negras-se-mobilizam-para-2a-marcha-por-reparacao-e-bem-viver\/","title":{"rendered":"Negras se mobilizam para 2\u00aa Marcha por Repara\u00e7\u00e3o e Bem Viver"},"content":{"rendered":"<p>No dia 25 de novembro do pr\u00f3ximo ano, mulheres negras de todo o pa\u00eds estar\u00e3o em Bras\u00edlia para a 2\u00aa Marcha das Mulheres Negras por Repara\u00e7\u00e3o e Bem Viver, dez anos depois da primeira e hist\u00f3rica mobiliza\u00e7\u00e3o. Com a contagem regressiva aberta, organiza\u00e7\u00f5es negras aproveitaram as \u00faltimas semanas para realizar encontros regionais preparat\u00f3rios.<\/p>\n<p>A inaugura\u00e7\u00e3o do escrit\u00f3rio operativo da marcha ocorreu em Bras\u00edlia, na \u00faltima ter\u00e7a-feira (26), no Museu da Rep\u00fablica, com a presen\u00e7a da ministra da Igualdade Racial, Anielle Franco, representantes do Movimento Negro Unificado, e da Coordena\u00e7\u00e3o Nacional de Articula\u00e7\u00e3o das Comunidades Negras Rurais Quilombolas (Conaq).<\/p>\n<p>\u201cA partir de agora, a gente sabe e tem a certeza de onde n\u00f3s vamos trazer milh\u00f5es de mulheres negras em novembro para essa cidade. A gente tem que ter um movimento de maior valor em escala nacional\u201d, explica a coordenadora executiva da Articula\u00e7\u00e3o de Organiza\u00e7\u00f5es de Mulheres Negras Brasileiras (AMNB), Vin\u00f3lia Andrade.<\/p>\n<p>Entre as reivindica\u00e7\u00f5es das ativistas, est\u00e3o pol\u00edticas p\u00fablicas para mulheres negras, o direito \u00e0 vida e a promo\u00e7\u00e3o da igualdade racial. A ativista Thanisia Marcella Alves Cruz tamb\u00e9m faz parte do comit\u00ea organizador e explica o nome da marcha.<\/p>\n<p>&#8220;A repara\u00e7\u00e3o denuncia as in\u00fameras pol\u00edticas p\u00fablicas e t\u00e1ticas que institucionalizaram o tr\u00e1fico de pessoas, a perda de direitos, o desgaste da sa\u00fade da popula\u00e7\u00e3o negra e o genoc\u00eddio. Sabendo que vidas jamais ser\u00e3o recuperadas, chamamos o Bem Viver para uma mudan\u00e7a radical de nossas pr\u00e1ticas e para uma vida em dignidade.\u201d<\/p>\n<p>A constru\u00e7\u00e3o da 2\u00aa Marcha por Repara\u00e7\u00e3o e Bem Viver \u00e9 liderada por diversos comit\u00eas regionais e tem um Comit\u00ea Impulsor Nacional formado pela AMNB, F\u00f3rum Nacional de Mulheres Negras, Rede Nacional de Mulheres Negras no Combate \u00e0 Viol\u00eancia, Rede de Mulheres Negras do Nordeste e Rede Fulanas \u2013 Negras da Amaz\u00f4nia Brasileira. Os estados e munic\u00edpios podem formar seus comit\u00eas conforme suas necessidades.<\/p>\n<p>Naiara Leite, ativista e Coordenadora Executiva do Instituto da Mulher Negra Odara da Bahia, ressalta a import\u00e2ncia da organiza\u00e7\u00e3o para incentivar a participa\u00e7\u00e3o feminina na pol\u00edtica. \u201cEsse ano foi um ano eleitoral no Brasil, que mobilizou mais de 5.300 munic\u00edpios e que as mulheres negras aproveitaram a chamada da marcha para fortalecer a import\u00e2ncia de eleger mulheres negras para as c\u00e2maras municipais, para as prefeituras e para a ocupa\u00e7\u00e3o desses espa\u00e7os institucionais\u201d, diz.<\/p>\n<p>A assistente social Keka Bagno, militante do coletivo Juntas e membro do Comit\u00ea DF, tamb\u00e9m destaca a participa\u00e7\u00e3o feminina na pol\u00edtica. \u201cPara al\u00e9m do Distrito Federal, o nosso encontro regional contou com a participa\u00e7\u00e3o das mulheres de Goi\u00e1s e de Mato Grosso. Dialogamos sobre as situa\u00e7\u00f5es das pol\u00edticas p\u00fablicas, repara\u00e7\u00e3o e bem-viver e o desafio da conjuntura nacional e locais. Levanta e marcha rumo a 2025\u201d.<\/p>\n","protected":false},"excerpt":{"rendered":"<p>No dia 25 de novembro do pr\u00f3ximo ano, mulheres negras de todo o pa\u00eds estar\u00e3o em Bras\u00edlia para a 2\u00aa Marcha das Mulheres Negras por Repara\u00e7\u00e3o e Bem Viver, dez anos depois da primeira e hist\u00f3rica mobiliza\u00e7\u00e3o. Com a contagem regressiva aberta, organiza\u00e7\u00f5es negras aproveitaram as \u00faltimas semanas para realizar encontros regionais preparat\u00f3rios. A inaugura\u00e7\u00e3o [&hellip;]<\/p>\n","protected":false},"author":2,"featured_media":342219,"comment_status":"closed","ping_status":"closed","sticky":false,"template":"","format":"standard","meta":{"_acf_changed":false,"footnotes":""},"categories":[161],"tags":[],"class_list":["post-342218","post","type-post","status-publish","format-standard","has-post-thumbnail","hentry","category-quadradinho-em-foco"],"acf":[],"_links":{"self":[{"href":"https:\/\/www.notibras.com\/site\/wp-json\/wp\/v2\/posts\/342218","targetHints":{"allow":["GET"]}}],"collection":[{"href":"https:\/\/www.notibras.com\/site\/wp-json\/wp\/v2\/posts"}],"about":[{"href":"https:\/\/www.notibras.com\/site\/wp-json\/wp\/v2\/types\/post"}],"author":[{"embeddable":true,"href":"https:\/\/www.notibras.com\/site\/wp-json\/wp\/v2\/users\/2"}],"replies":[{"embeddable":true,"href":"https:\/\/www.notibras.com\/site\/wp-json\/wp\/v2\/comments?post=342218"}],"version-history":[{"count":1,"href":"https:\/\/www.notibras.com\/site\/wp-json\/wp\/v2\/posts\/342218\/revisions"}],"predecessor-version":[{"id":342220,"href":"https:\/\/www.notibras.com\/site\/wp-json\/wp\/v2\/posts\/342218\/revisions\/342220"}],"wp:featuredmedia":[{"embeddable":true,"href":"https:\/\/www.notibras.com\/site\/wp-json\/wp\/v2\/media\/342219"}],"wp:attachment":[{"href":"https:\/\/www.notibras.com\/site\/wp-json\/wp\/v2\/media?parent=342218"}],"wp:term":[{"taxonomy":"category","embeddable":true,"href":"https:\/\/www.notibras.com\/site\/wp-json\/wp\/v2\/categories?post=342218"},{"taxonomy":"post_tag","embeddable":true,"href":"https:\/\/www.notibras.com\/site\/wp-json\/wp\/v2\/tags?post=342218"}],"curies":[{"name":"wp","href":"https:\/\/api.w.org\/{rel}","templated":true}]}}