{"id":342221,"date":"2024-12-02T00:00:17","date_gmt":"2024-12-02T03:00:17","guid":{"rendered":"https:\/\/www.notibras.com\/site\/?p=342221"},"modified":"2024-12-02T07:22:18","modified_gmt":"2024-12-02T10:22:18","slug":"nosso-natal-e-inaugurado-com-festa-na-esplanada-dos-ministerios","status":"publish","type":"post","link":"https:\/\/www.notibras.com\/site\/nosso-natal-e-inaugurado-com-festa-na-esplanada-dos-ministerios\/","title":{"rendered":"Nosso Natal \u00e9 inaugurado com festa na Esplanada dos Minist\u00e9rios"},"content":{"rendered":"<p>Dezembro chegou e a magia do Natal j\u00e1 tomou conta da capital federal. Na noite deste domingo (1\u00ba), apresenta\u00e7\u00f5es musicais, entrega da chave da cidade para o Papai Noel e uma queima de fogos marcaram a inaugura\u00e7\u00e3o do Nosso Natal, evento comemorativo do Governo do Distrito Federal (GDF), com atra\u00e7\u00f5es gratuitas na Esplanada dos Minist\u00e9rios.<\/p>\n<p>\u201cBras\u00edlia, nossa capital da Rep\u00fablica, merece essa ilumina\u00e7\u00e3o, merece essas festividades; porque aqui, al\u00e9m dos brasilienses que vieram para c\u00e1 desde a sua funda\u00e7\u00e3o, desde a sua cria\u00e7\u00e3o, n\u00f3s temos tamb\u00e9m todos os brasileiros que v\u00eam buscar a nossa capital. Ent\u00e3o, \u00e9 um m\u00eas onde as pessoas visitam muito a capital da Rep\u00fablica e a gente quer ter atrativos para essas fam\u00edlias tamb\u00e9m, melhorando a quest\u00e3o do turismo, melhorando as visitas nos nossos ambientes culturais, melhorando, com isso, o nosso com\u00e9rcio, a nossa \u00e1rea de presta\u00e7\u00e3o de servi\u00e7os, trazendo mais gera\u00e7\u00e3o de emprego e renda para a nossa cidade, em especial para aqueles que mais precisam\u201d, apontou o governador do Distrito Federal, Ibaneis Rocha.<\/p>\n<p>Idealizado pela primeira-dama Mayara Noronha Rocha, o evento \u00e9 promovido pela Chefia-Executiva de Pol\u00edticas Sociais, em parceria com a Secretaria de Cultura e Economia Criativa (Secec-DF). \u201cA expectativa era realmente enaltecer Jesus e proporcionar essa mem\u00f3ria afetiva para a popula\u00e7\u00e3o. Eu sempre falei para toda a equipe aqui do GDF que eu tenho na minha mem\u00f3ria de inf\u00e2ncia uma fase que eu vivi, na frente ali da [Catedral] Rainha da Paz. Foi s\u00f3 um per\u00edodo, mas aquilo marcou a minha vida. Ent\u00e3o, na gest\u00e3o do governador Ibaneis, eu falei: \u2018Olha, se tem uma coisa que eu quero fazer, \u00e9 deixar uma sementinha na mem\u00f3ria da popula\u00e7\u00e3o do Distrito Federal\u2019. Ent\u00e3o, a gente vai fazer o que puder para contribuir para essa mem\u00f3ria, para que as crian\u00e7as de hoje, daqui 20 anos, consigam lembrar do Natal que aconteceu no ano de 2024\u201d, refor\u00e7ou a primeira-dama.<\/p>\n<p>At\u00e9 o dia 23 e de 25 a 30 de dezembro, das 17h \u00e0s 23h, a popula\u00e7\u00e3o poder\u00e1 conferir gratuitamente todas as atra\u00e7\u00f5es montadas no local, como a \u00e1rvore de Natal de 30 metros, roda-gigante, carrossel, pres\u00e9pio e a grande novidade deste ano: a pista de patina\u00e7\u00e3o no gelo. Tamb\u00e9m estar\u00e1 \u00e0 disposi\u00e7\u00e3o do p\u00fablico uma pra\u00e7a de alimenta\u00e7\u00e3o e uma feira de presentes, al\u00e9m de apresenta\u00e7\u00f5es musicais e art\u00edsticas. Para as crian\u00e7as, haver\u00e1 trenzinho, casa do Papai Noel, teatro infantil e oficinas, onde ser\u00e1 poss\u00edvel confeccionar adere\u00e7os natalinos e cartas ao bom velhinho. Para o teatro e as oficinas, \u00e9 necess\u00e1rio retirar ingressos antecipados, de forma gratuita. S\u00e3o duas sess\u00f5es por dia, \u00e0s 18h e \u00e0s 20h, com 80 ingressos para cada uma delas. A reserva dos bilhetes come\u00e7a \u00e0s 8h do dia da sess\u00e3o, no site do evento.<\/p>\n<p>De acordo com o secret\u00e1rio de Cultura e Economia Criativa, Claudio Abrantes, a festa teve investimento total de R$ 12 milh\u00f5es. \u201cA gente est\u00e1 dobrando o tamanho da festa em rela\u00e7\u00e3o ao ano passado do ponto de vista do tempo; mas, em termos de estrutura, n\u00f3s estamos quase quadruplicando [a \u00e1rea montada]. A nossa expectativa \u00e9 que, ao longo desses 30 dias, a gente tenha mais de 500 mil pessoas passando pela Esplanada. A gente gera aqui cerca de 5 mil empregos diretos e indiretos nesse per\u00edodo, ent\u00e3o \u00e9 uma festa que, ao mesmo tempo que mexe com todo o nosso sentimento, essa emo\u00e7\u00e3o que a gente tem por essa data, tamb\u00e9m agrega muito para o Distrito Federal, coloca a regi\u00e3o no campo das grandes celebra\u00e7\u00f5es natalinas do pa\u00eds e tamb\u00e9m gera emprego e renda\u201d, destacou.<\/p>\n<p>J\u00e1 no primeiro dia, o p\u00fablico lotou o espa\u00e7o e aproveitou todas as atra\u00e7\u00f5es. \u201cEu passava \u00e0s vezes por aqui e via os tapumes, mas n\u00e3o imaginava que seria essa estrutura. Tudo muito bem estruturado, muito bem dividido, muito organizado\u201d, exaltou o aut\u00f4nomo Robson Campos, que estava acompanhado do filho, Davi, de 10 anos. \u201cTinha vindo em outros anos, mas este ano est\u00e1 espetacular; meu filho passou aqui na Esplanada e estava extremamente ansioso para chegar domingo e a gente vir. Est\u00e1 lindo, n\u00edvel internacional\u201d, emendou a servidora p\u00fablica Greice Madeleine. A pequena Esmeralda Silva, 6, aproveitou a pista de patina\u00e7\u00e3o no gelo e j\u00e1 deixou o pedido para a m\u00e3e, Francisca Silva: \u201cQuero vir todo dia\u201d.<\/p>\n<p><strong>Mais a\u00e7\u00f5es<\/strong><br \/>\nA campanha do Nosso Natal ainda prev\u00ea o tradicional almo\u00e7o natalino nos restaurantes comunit\u00e1rios do DF, com ceia a R$ 1 e atra\u00e7\u00f5es culturais no pr\u00f3ximo dia 10. Al\u00e9m disso, nesta segunda-feira (2), a Chefia-Executiva de Pol\u00edticas Sociais vai promover uma atividade especial na estrutura montada na Esplanada dos Minist\u00e9rios com 250 crian\u00e7as e seus respons\u00e1veis.<\/p>\n<p>Na a\u00e7\u00e3o, que contar\u00e1 com a presen\u00e7a da primeira-dama, os pequenos v\u00e3o poder desfrutar de todas as atra\u00e7\u00f5es e receber\u00e3o presentes para marcar a data. Por isso, excepcionalmente nesta segunda-feira (2), a estrutura estar\u00e1 fechada para o p\u00fablico geral das 17h \u00e0s 20h, abrindo suas portas ap\u00f3s as 20h.<\/p>\n<p>Nosso Natal<\/p>\n<p><strong>\u2192 Per\u00edodo: 1\u00ba a 30 de dezembro (exceto dia 24)<\/strong><br \/>\n<strong>\u2192 Hor\u00e1rio: 17h \u00e0s 23h<\/strong><br \/>\n<strong>\u2192 Local: Esplanada dos Minist\u00e9rios<\/strong><br \/>\n<strong>\u2192 Entrada: Gratuita<\/strong><br \/>\n<strong>\u2192 Ingressos de oficinas: Ser\u00e3o disponibilizados presencialmente no local<\/strong><\/p>\n","protected":false},"excerpt":{"rendered":"<p>Dezembro chegou e a magia do Natal j\u00e1 tomou conta da capital federal. Na noite deste domingo (1\u00ba), apresenta\u00e7\u00f5es musicais, entrega da chave da cidade para o Papai Noel e uma queima de fogos marcaram a inaugura\u00e7\u00e3o do Nosso Natal, evento comemorativo do Governo do Distrito Federal (GDF), com atra\u00e7\u00f5es gratuitas na Esplanada dos Minist\u00e9rios. [&hellip;]<\/p>\n","protected":false},"author":2,"featured_media":342222,"comment_status":"closed","ping_status":"closed","sticky":false,"template":"","format":"standard","meta":{"_acf_changed":false,"footnotes":""},"categories":[161],"tags":[],"class_list":["post-342221","post","type-post","status-publish","format-standard","has-post-thumbnail","hentry","category-quadradinho-em-foco"],"acf":[],"_links":{"self":[{"href":"https:\/\/www.notibras.com\/site\/wp-json\/wp\/v2\/posts\/342221","targetHints":{"allow":["GET"]}}],"collection":[{"href":"https:\/\/www.notibras.com\/site\/wp-json\/wp\/v2\/posts"}],"about":[{"href":"https:\/\/www.notibras.com\/site\/wp-json\/wp\/v2\/types\/post"}],"author":[{"embeddable":true,"href":"https:\/\/www.notibras.com\/site\/wp-json\/wp\/v2\/users\/2"}],"replies":[{"embeddable":true,"href":"https:\/\/www.notibras.com\/site\/wp-json\/wp\/v2\/comments?post=342221"}],"version-history":[{"count":1,"href":"https:\/\/www.notibras.com\/site\/wp-json\/wp\/v2\/posts\/342221\/revisions"}],"predecessor-version":[{"id":342223,"href":"https:\/\/www.notibras.com\/site\/wp-json\/wp\/v2\/posts\/342221\/revisions\/342223"}],"wp:featuredmedia":[{"embeddable":true,"href":"https:\/\/www.notibras.com\/site\/wp-json\/wp\/v2\/media\/342222"}],"wp:attachment":[{"href":"https:\/\/www.notibras.com\/site\/wp-json\/wp\/v2\/media?parent=342221"}],"wp:term":[{"taxonomy":"category","embeddable":true,"href":"https:\/\/www.notibras.com\/site\/wp-json\/wp\/v2\/categories?post=342221"},{"taxonomy":"post_tag","embeddable":true,"href":"https:\/\/www.notibras.com\/site\/wp-json\/wp\/v2\/tags?post=342221"}],"curies":[{"name":"wp","href":"https:\/\/api.w.org\/{rel}","templated":true}]}}