{"id":342224,"date":"2024-12-02T00:00:29","date_gmt":"2024-12-02T03:00:29","guid":{"rendered":"https:\/\/www.notibras.com\/site\/?p=342224"},"modified":"2024-12-02T07:28:12","modified_gmt":"2024-12-02T10:28:12","slug":"corrida-do-gari-celebra-profissionais-da-limpeza-urbana","status":"publish","type":"post","link":"https:\/\/www.notibras.com\/site\/corrida-do-gari-celebra-profissionais-da-limpeza-urbana\/","title":{"rendered":"Corrida do Gari celebra profissionais da limpeza urbana"},"content":{"rendered":"<p>O Servi\u00e7o de Limpeza Urbana (SLU) realizou neste domingo, 1, a 7\u00aa Corrida do Gari, evento que busca reconhecer o trabalho essencial desses profissionais para o Distrito Federal e incentivar a pr\u00e1tica esportiva.<\/p>\n<p>A largada e a chegada ocorreram no Estacionamento 13 do Parque da Cidade e os participantes percorreram um trajeto de 5 km, no sentido do Pavilh\u00e3o de Exposi\u00e7\u00f5es. A a\u00e7\u00e3o faz parte do compromisso do Governo do Distrito Federal (GDF) e do SLU em valorizar os garis e fomentar a integra\u00e7\u00e3o com a popula\u00e7\u00e3o.<\/p>\n<p>\u201cA Corrida do Gari \u00e9 mais do que um evento de incentivo \u00e0 pr\u00e1tica de esporte. \u00c9 uma oportunidade de integra\u00e7\u00e3o, de lazer e tamb\u00e9m de valoriza\u00e7\u00e3o desses trabalhadores\u201d, disse o diretor-presidente do SLU, Luiz Felipe Carvalho.<\/p>\n<p>O primeiro gari a completar os 5 km foi Jos\u00e9 Augusto Pereira, que fechou a corrida em pouco mais de 17 minutos. \u201cFico muito feliz em ter essa oportunidade de correr, de ter sa\u00fade e for\u00e7a de vontade para fazer o meu melhor\u201d, ressaltou.<\/p>\n<p>Os tr\u00eas primeiros colocados entre os garis, tanto na categoria masculina quanto na feminina, receberam premia\u00e7\u00e3o em dinheiro<\/p>\n<p>Todos os participantes receberam medalhas como forma de reconhecimento. Al\u00e9m disso, houve premia\u00e7\u00e3o em dinheiro para os tr\u00eas primeiros colocados entre os garis, tanto na categoria masculina quanto na feminina.<\/p>\n<p>Na categoria feminina, a gari Liedete Ferreira conquistou o primeiro lugar. Ela destacou a import\u00e2ncia da corrida na promo\u00e7\u00e3o da pr\u00e1tica esportiva. \u201c\u00c9 um incentivo muito importante e passa uma mensagem de valoriza\u00e7\u00e3o do nosso trabalho. Estamos todos os dias nas ruas trabalhando duro para deixar o DF mais limpo e merecemos esse reconhecimento\u201d, frisou.<\/p>\n<p>Nesta edi\u00e7\u00e3o, foram disponibilizadas 200 vagas, com prioridade para os garis. Os participantes podem consultar a coloca\u00e7\u00e3o e tempo de prova neste link. Confira a lista dos primeiros colocados da 7\u00aa Corrida do Gari:<\/p>\n<p><strong>Categoria masculina<\/strong><br \/>\n1\u00ba lugar: Jos\u00e9 Augusto Pereira dos Santos \u2013 17 minutos e 38 segundos (Valor Ambiental)<br \/>\n2\u00ba lugar: Tiago Theilon \u2013 17 minutos e 47 segundos (Sustentare)<br \/>\n3\u00ba lugar: Gabriel Barcelos Rocha da Silva \u2013 18 minutos e 13 segundos (Valor Ambiental)<\/p>\n<p><strong>Categoria feminina<\/strong><br \/>\n1\u00ba lugar: Liedete Pereira Ferreira \u2013 28 min e 25 segundos (Sustentare)<br \/>\n2\u00ba lugar: Valdirene Monteiro da Silva \u2013 30 minutos<br \/>\n3\u00ba lugar: Maria Aparecida Muniz \u2013 30 minutos e 44 segundos (Suma Brasil)<\/p>\n","protected":false},"excerpt":{"rendered":"<p>O Servi\u00e7o de Limpeza Urbana (SLU) realizou neste domingo, 1, a 7\u00aa Corrida do Gari, evento que busca reconhecer o trabalho essencial desses profissionais para o Distrito Federal e incentivar a pr\u00e1tica esportiva. A largada e a chegada ocorreram no Estacionamento 13 do Parque da Cidade e os participantes percorreram um trajeto de 5 km, [&hellip;]<\/p>\n","protected":false},"author":2,"featured_media":342225,"comment_status":"closed","ping_status":"closed","sticky":false,"template":"","format":"standard","meta":{"_acf_changed":false,"footnotes":""},"categories":[161],"tags":[],"class_list":["post-342224","post","type-post","status-publish","format-standard","has-post-thumbnail","hentry","category-quadradinho-em-foco"],"acf":[],"_links":{"self":[{"href":"https:\/\/www.notibras.com\/site\/wp-json\/wp\/v2\/posts\/342224","targetHints":{"allow":["GET"]}}],"collection":[{"href":"https:\/\/www.notibras.com\/site\/wp-json\/wp\/v2\/posts"}],"about":[{"href":"https:\/\/www.notibras.com\/site\/wp-json\/wp\/v2\/types\/post"}],"author":[{"embeddable":true,"href":"https:\/\/www.notibras.com\/site\/wp-json\/wp\/v2\/users\/2"}],"replies":[{"embeddable":true,"href":"https:\/\/www.notibras.com\/site\/wp-json\/wp\/v2\/comments?post=342224"}],"version-history":[{"count":1,"href":"https:\/\/www.notibras.com\/site\/wp-json\/wp\/v2\/posts\/342224\/revisions"}],"predecessor-version":[{"id":342226,"href":"https:\/\/www.notibras.com\/site\/wp-json\/wp\/v2\/posts\/342224\/revisions\/342226"}],"wp:featuredmedia":[{"embeddable":true,"href":"https:\/\/www.notibras.com\/site\/wp-json\/wp\/v2\/media\/342225"}],"wp:attachment":[{"href":"https:\/\/www.notibras.com\/site\/wp-json\/wp\/v2\/media?parent=342224"}],"wp:term":[{"taxonomy":"category","embeddable":true,"href":"https:\/\/www.notibras.com\/site\/wp-json\/wp\/v2\/categories?post=342224"},{"taxonomy":"post_tag","embeddable":true,"href":"https:\/\/www.notibras.com\/site\/wp-json\/wp\/v2\/tags?post=342224"}],"curies":[{"name":"wp","href":"https:\/\/api.w.org\/{rel}","templated":true}]}}