{"id":342233,"date":"2024-12-02T08:38:09","date_gmt":"2024-12-02T11:38:09","guid":{"rendered":"https:\/\/www.notibras.com\/site\/?p=342233"},"modified":"2024-12-02T09:15:27","modified_gmt":"2024-12-02T12:15:27","slug":"o-dia-em-que-dona-irene-sugeriu-que-caminho-do-norte-da-vida-e-o-nordeste","status":"publish","type":"post","link":"https:\/\/www.notibras.com\/site\/o-dia-em-que-dona-irene-sugeriu-que-caminho-do-norte-da-vida-e-o-nordeste\/","title":{"rendered":"O dia em que Dona Irene sugeriu que caminho do norte da vida \u00e9 o Nordeste"},"content":{"rendered":"<p>Apesar de conviver h\u00e1 tanto tempo com a Dona Irene, n\u00e3o canso de me surpreender com as suas tiradas. A \u00faltima aconteceu na semana passada, quando est\u00e1vamos brincando com a Belchior e a Clarinha, as nossas filhas de focinho achatado nascidas em Bras\u00edlia, num parquinho aqui em Porto Alegre. Nisso, chegou uma outra dona de cachorro, que sentou bem pertinho de onde est\u00e1vamos. Era uma garota, n\u00e3o mais do que vinte anos. N\u00e3o demorou muito, a minha mulher puxou conversa, pois adora trocar experi\u00eancias com aqueles que possuem c\u00e3es<\/p>\n<p>\u2014 Qual \u00e9 o nome do seu?<\/p>\n<p>\u2014 Lambreta. E das suas?<\/p>\n<p>\u2014 Belchior e Clarinha.<\/p>\n<p>\u2014 Elas j\u00e1 brigaram?<\/p>\n<p>\u2014 N\u00e3o, elas s\u00e3o bem de boa. E o Lambreta?<\/p>\n<p>\u2014 Ah, de vez em quando, ele estranha um ou outro cachorro. Mas estou pensando em fazer um curso de adestramento para aprender algumas coisas sobre comportamento.<\/p>\n<p>\u2014 Ah, legal! Voc\u00ea trabalha com o qu\u00ea?<\/p>\n<p>\u2014 Ent\u00e3o, fui demitida na semana passada.<\/p>\n<p>\u2014 Nossa, que chato, hein!<\/p>\n<p>\u2014 Pois \u00e9, a minha m\u00e3e fala que eu preciso nortear a minha vida.<\/p>\n<p>\u2014 Creio que \u00e9 melhor voc\u00ea nordestear, que d\u00e1 muito mais certo.<\/p>\n<p>Detalhe: a Dona Irene \u00e9 piauiense.<\/p>\n<p>&#8230;&#8230;&#8230;&#8230;&#8230;&#8230;&#8230;&#8230;&#8230;..<\/p>\n<p>*<strong>Eduardo Mart\u00ednez \u00e9 autor do livro \u201c57 Contos e Cr\u00f4nicas por um Autor muito Velho\u201d.<\/strong><\/p>\n<div class=\"mvp-post-soc-in\">\n<div id=\"mvp-content-body\" class=\"left relative\">\n<div id=\"mvp-content-body-top\" class=\"left relative\">\n<div id=\"mvp-content-main\" class=\"left relative\">\n<p>Compre aqui\u00a0<span class=\"x19la9d6 x1fc57z9 x6ikm8r x10wlt62 x19co3pv x1g5zs5t xfibh0p xiy17q3 x1xsqp64 x1lkfr7t xexx8yu x4uap5 x18d9i69 xkhd6sd\"><span class=\"xrtxmta x1bhl96m\"><img decoding=\"async\" class=\"emoji\" role=\"img\" draggable=\"false\" src=\"https:\/\/s.w.org\/images\/core\/emoji\/14.0.0\/svg\/1f447-1f3ff.svg\" alt=\"&#x1f447;&#x1f3ff;\" \/><\/span><\/span><span class=\"x19la9d6 x1fc57z9 x6ikm8r x10wlt62 x19co3pv x1g5zs5t xfibh0p xiy17q3 x1xsqp64 x1lkfr7t xexx8yu x4uap5 x18d9i69 xkhd6sd\"><span class=\"xrtxmta x1bhl96m\"><img decoding=\"async\" class=\"emoji\" role=\"img\" draggable=\"false\" src=\"https:\/\/s.w.org\/images\/core\/emoji\/14.0.0\/svg\/1f447-1f3ff.svg\" alt=\"&#x1f447;&#x1f3ff;\" \/><\/span><\/span><span class=\"x19la9d6 x1fc57z9 x6ikm8r x10wlt62 x19co3pv x1g5zs5t xfibh0p xiy17q3 x1xsqp64 x1lkfr7t xexx8yu x4uap5 x18d9i69 xkhd6sd\"><span class=\"xrtxmta x1bhl96m\"><img decoding=\"async\" class=\"emoji\" role=\"img\" draggable=\"false\" src=\"https:\/\/s.w.org\/images\/core\/emoji\/14.0.0\/svg\/1f447-1f3ff.svg\" alt=\"&#x1f447;&#x1f3ff;\" \/><\/span><\/span><\/p>\n<p><a href=\"http:\/\/www.joanineditora.com.br\/57-contos-e-cronicas-por-um-autor-muito-velho\">http:\/\/www.joanineditora.com.br\/57-contos-e-cronicas-por-um-autor-muito-velho<\/a><\/p>\n<\/div>\n<\/div>\n<\/div>\n<\/div>\n","protected":false},"excerpt":{"rendered":"<p>Apesar de conviver h\u00e1 tanto tempo com a Dona Irene, n\u00e3o canso de me surpreender com as suas tiradas. A \u00faltima aconteceu na semana passada, quando est\u00e1vamos brincando com a Belchior e a Clarinha, as nossas filhas de focinho achatado nascidas em Bras\u00edlia, num parquinho aqui em Porto Alegre. Nisso, chegou uma outra dona de [&hellip;]<\/p>\n","protected":false},"author":2,"featured_media":342234,"comment_status":"closed","ping_status":"closed","sticky":false,"template":"","format":"standard","meta":{"_acf_changed":false,"footnotes":""},"categories":[161],"tags":[],"class_list":["post-342233","post","type-post","status-publish","format-standard","has-post-thumbnail","hentry","category-quadradinho-em-foco"],"acf":[],"_links":{"self":[{"href":"https:\/\/www.notibras.com\/site\/wp-json\/wp\/v2\/posts\/342233","targetHints":{"allow":["GET"]}}],"collection":[{"href":"https:\/\/www.notibras.com\/site\/wp-json\/wp\/v2\/posts"}],"about":[{"href":"https:\/\/www.notibras.com\/site\/wp-json\/wp\/v2\/types\/post"}],"author":[{"embeddable":true,"href":"https:\/\/www.notibras.com\/site\/wp-json\/wp\/v2\/users\/2"}],"replies":[{"embeddable":true,"href":"https:\/\/www.notibras.com\/site\/wp-json\/wp\/v2\/comments?post=342233"}],"version-history":[{"count":7,"href":"https:\/\/www.notibras.com\/site\/wp-json\/wp\/v2\/posts\/342233\/revisions"}],"predecessor-version":[{"id":342248,"href":"https:\/\/www.notibras.com\/site\/wp-json\/wp\/v2\/posts\/342233\/revisions\/342248"}],"wp:featuredmedia":[{"embeddable":true,"href":"https:\/\/www.notibras.com\/site\/wp-json\/wp\/v2\/media\/342234"}],"wp:attachment":[{"href":"https:\/\/www.notibras.com\/site\/wp-json\/wp\/v2\/media?parent=342233"}],"wp:term":[{"taxonomy":"category","embeddable":true,"href":"https:\/\/www.notibras.com\/site\/wp-json\/wp\/v2\/categories?post=342233"},{"taxonomy":"post_tag","embeddable":true,"href":"https:\/\/www.notibras.com\/site\/wp-json\/wp\/v2\/tags?post=342233"}],"curies":[{"name":"wp","href":"https:\/\/api.w.org\/{rel}","templated":true}]}}