{"id":342272,"date":"2024-12-02T18:26:13","date_gmt":"2024-12-02T21:26:13","guid":{"rendered":"https:\/\/www.notibras.com\/site\/?p=342272"},"modified":"2024-12-02T18:26:13","modified_gmt":"2024-12-02T21:26:13","slug":"psd-fecha-questao-contra-cortes-de-recursos-no-fundo-do-distrito-federal","status":"publish","type":"post","link":"https:\/\/www.notibras.com\/site\/psd-fecha-questao-contra-cortes-de-recursos-no-fundo-do-distrito-federal\/","title":{"rendered":"PSD fecha quest\u00e3o contra cortes de recursos no Fundo do Distrito Federal"},"content":{"rendered":"<p>O presidente do PSD na capital da Rep\u00fablica, Paulo Oct\u00e1vio, garantiu apoio da legenda no Congresso Nacional para a manuten\u00e7\u00e3o das regras do Fundo Constitucional do Distrito Federal, amea\u00e7ado de perder recursos por conta do corte de gastos determinado pelo governo federal. &#8220;J\u00e1 conversei com o governador Ibaneis Rocha (MDB) e com o nosso presidente (Gilberto) Kassab. O PSD vai estar ao lado de Bras\u00edlia mais uma vez&#8221;, afirmou, durante reuni\u00e3o da executiva regional da legenda.<\/p>\n<p>Paulo Oct\u00e1vio destacou ainda que a mudan\u00e7a na forma de reajustar o FCDF repete o que foi tentado em 2023. &#8220;Tivemos uma luta enorme e foi o PSD que salvou Bras\u00edlia. Foi o trabalho que fizemos com nossos deputados distritais, com o relator do Arcabou\u00e7o Fiscal no Senado, senador Omar Aziz (PSD-AM), e com o apoio do presidente do Senado, Rodrigo Pacheco (PSD-MG)&#8221;, frisou. &#8220;Naquela \u00e9poca, o PSD foi o grande vitorioso ao resgatar o Fundo Constitucional do jeito que foi criado l\u00e1 em 2002&#8221;, relembrou Paulo Oct\u00e1vio, um dos autores do projeto que criou o Fundo Constitucional.<\/p>\n<p>O fundo gera recursos para a manuten\u00e7\u00e3o de setores como sa\u00fade, educa\u00e7\u00e3o e seguran\u00e7a em Bras\u00edlia. &#8220;S\u00e3o mais de R$ 24 bilh\u00f5es que entraram no or\u00e7amento do DF, este ano, para pagar essas tr\u00eas \u00e1reas importantes. E novamente o governo federal, ao fazer esse pacote de redu\u00e7\u00e3o de gastos, quer mudar a forma de reajuste. O fundo foi aprovado e sancionado pelo ent\u00e3o presidente Fernando Henrique Cardoso em \u00faltimo ato no cargo. A gente vai ter uma nova batalha em defesa de Bras\u00edlia. E novamente queria convocar todos para nos ajudarem. O l\u00edder do governo \u00e9 nosso, o senador Otto Alencar (PSD-BA), que esteve com a gente semana passada e vamos procur\u00e1-lo para evitar que isso aconte\u00e7a&#8221;, resumiu.<\/p>\n<p>Paulo Oct\u00e1vio acrescentou que a legenda tem capacidade para conversar com todos os partidos. &#8220;Isso \u00e9 uma vantagem nossa. Se houver dificuldade, a gente pode conversar desde o PSOL at\u00e9 o PL sem problema. Ainda mais que \u00e9 uma a\u00e7\u00e3o em prol da cidade&#8221;. Ele tamb\u00e9m fez algumas observa\u00e7\u00f5es em torno do pacote de redu\u00e7\u00e3o de gastos. &#8220;Todo mundo \u00e9 favor\u00e1vel \u00e0 isen\u00e7\u00e3o do Imposto de Renda para quem ganha at\u00e9 R$ 5 mil. S\u00f3 que isso representa um d\u00e9ficit para a Uni\u00e3o. Ent\u00e3o, o governo quer economizar e ao mesmo tempo dar benef\u00edcio fiscal. N\u00e3o tem sentido&#8221;, pontuou.<\/p>\n<p><strong>Balan\u00e7o anual<\/strong><br \/>\nO encontro da executiva regional serviu ainda para alinhar metas visando as elei\u00e7\u00f5es de 2026. &#8220;O prop\u00f3sito do PSD \u00e9 crescer. Sempre defendi que a fam\u00edlia brasileira \u00e9 tradicional, crist\u00e3 e n\u00e3o gosto de radicalismos. A fam\u00edlia brasileira n\u00e3o quer pender nem muito para a esquerda, nem muito para a direita. Ela quer o centro, quer o nosso partido, que \u00e9 de di\u00e1logo, de entendimento e de constru\u00e7\u00e3o, sem ofender ningu\u00e9m e sem radicalizar, mas construindo o que o Brasil precisa: desenvolvimento, gera\u00e7\u00e3o de empregos, acolhimento das fam\u00edlias e de mais encontros, n\u00e3o de desencontros&#8221;, definiu.<\/p>\n<p>Para o secret\u00e1rio-adjunto de Sa\u00fade do DF, Lucimir Henrique Pessoa Maia, a reuni\u00e3o foi importante para ampliar a uni\u00e3o no partido. &#8220;Cada um de n\u00f3s \u00e9 respons\u00e1vel, na fam\u00edlia pessedista, em fazer seu papel para o Distrito Federal. Fico feliz que muitos tenham comparecido para escutar um pouquinho do que a gente tem a falar. O importante \u00e9 que a gente mantenha a uni\u00e3o dentro do partido&#8221;, destacou.<\/p>\n<p>&#8220;Hoje eu sou secret\u00e1rio-adjunto de Sa\u00fade. \u00c9 um cargo onde as tomadas de decis\u00f5es influenciam a sa\u00fade de milhares de pessoas. E isso \u00e9 feito com muita modera\u00e7\u00e3o para que a gente n\u00e3o deixe ningu\u00e9m de fora, porque a sa\u00fade, a nossa vida, \u00e9 o nosso bem mais precioso&#8221;, definiu.<\/p>\n<p>J\u00e1 o deputado distrital Jorge Vianna afirmou que o crescimento do PSD deve-se ao fato de a legenda manter sua autenticidade. &#8220;O PSD permaneceu o PSD, um partido que deixa livre as pol\u00edticas dos candidatos e que acomoda todo mundo, sem distin\u00e7\u00e3o. E fez com que a sociedade pensasse o seguinte: tem o partido da esquerda, tem o partido da direita, mas qual o partido que eu poderia ir que \u00e9 leve e n\u00e3o fica entrando em pol\u00eamica? O PSD. As pessoas, de forma org\u00e2nica, entenderam que o PSD \u00e9 um partido que pode dar certo em seu projeto pol\u00edtico&#8221;, resumiu.<\/p>\n<p>&#8220;A gente tem que come\u00e7ar a passar \u00e0s pessoas que o PSD \u00e9 um partido de bom senso. Ora defende pautas da direita, ora defende pautas da esquerda. Esses dias, subi na tribuna para elogiar a deputada do PSOL, Erika Hilton, porque ela come\u00e7ou o movimento da escala 6 por 1. Talvez seja at\u00e9 antag\u00f4nico. Um cara como eu, ex-militar, tradicional e tal, elogiar uma pessoa de um partido que \u00e9 radicalmente da esquerda. Mas \u00e9 porque \u00e9 bom senso. Ent\u00e3o eu acho que quem quiser vir para o partido j\u00e1 vem com esse sentimento, porque a gente n\u00e3o \u00e9 extremo de um lado ou de outro&#8221;, sublinhou.<\/p>\n<p>Tamb\u00e9m foram apresentados os novos filiados do PSD-DF, como o desembargador aposentado Jos\u00e9 Divino de Oliveira. &#8220;Fui magistrado durante 35 anos. Agora sou advogado e o (desembargador aposentado) Carlos (Divino) me convidou a ingressar no partido. Quero, nos limites do meu conhecimento, ser \u00fatil \u00e0 sociedade em que vivo. Quero contribuir com o partido e, dentro das minhas possibilidades, ser \u00fatil&#8221;, contou.<\/p>\n","protected":false},"excerpt":{"rendered":"<p>O presidente do PSD na capital da Rep\u00fablica, Paulo Oct\u00e1vio, garantiu apoio da legenda no Congresso Nacional para a manuten\u00e7\u00e3o das regras do Fundo Constitucional do Distrito Federal, amea\u00e7ado de perder recursos por conta do corte de gastos determinado pelo governo federal. &#8220;J\u00e1 conversei com o governador Ibaneis Rocha (MDB) e com o nosso presidente [&hellip;]<\/p>\n","protected":false},"author":2,"featured_media":342273,"comment_status":"closed","ping_status":"closed","sticky":false,"template":"","format":"standard","meta":{"_acf_changed":false,"footnotes":""},"categories":[161],"tags":[95],"class_list":["post-342272","post","type-post","status-publish","format-standard","has-post-thumbnail","hentry","category-quadradinho-em-foco","tag-capa"],"acf":[],"_links":{"self":[{"href":"https:\/\/www.notibras.com\/site\/wp-json\/wp\/v2\/posts\/342272","targetHints":{"allow":["GET"]}}],"collection":[{"href":"https:\/\/www.notibras.com\/site\/wp-json\/wp\/v2\/posts"}],"about":[{"href":"https:\/\/www.notibras.com\/site\/wp-json\/wp\/v2\/types\/post"}],"author":[{"embeddable":true,"href":"https:\/\/www.notibras.com\/site\/wp-json\/wp\/v2\/users\/2"}],"replies":[{"embeddable":true,"href":"https:\/\/www.notibras.com\/site\/wp-json\/wp\/v2\/comments?post=342272"}],"version-history":[{"count":1,"href":"https:\/\/www.notibras.com\/site\/wp-json\/wp\/v2\/posts\/342272\/revisions"}],"predecessor-version":[{"id":342274,"href":"https:\/\/www.notibras.com\/site\/wp-json\/wp\/v2\/posts\/342272\/revisions\/342274"}],"wp:featuredmedia":[{"embeddable":true,"href":"https:\/\/www.notibras.com\/site\/wp-json\/wp\/v2\/media\/342273"}],"wp:attachment":[{"href":"https:\/\/www.notibras.com\/site\/wp-json\/wp\/v2\/media?parent=342272"}],"wp:term":[{"taxonomy":"category","embeddable":true,"href":"https:\/\/www.notibras.com\/site\/wp-json\/wp\/v2\/categories?post=342272"},{"taxonomy":"post_tag","embeddable":true,"href":"https:\/\/www.notibras.com\/site\/wp-json\/wp\/v2\/tags?post=342272"}],"curies":[{"name":"wp","href":"https:\/\/api.w.org\/{rel}","templated":true}]}}