{"id":342343,"date":"2024-12-04T00:09:31","date_gmt":"2024-12-04T03:09:31","guid":{"rendered":"https:\/\/www.notibras.com\/site\/?p=342343"},"modified":"2024-12-04T06:13:25","modified_gmt":"2024-12-04T09:13:25","slug":"programa-de-economia-solidaria-faz-crescer-negocios-no-nordeste","status":"publish","type":"post","link":"https:\/\/www.notibras.com\/site\/programa-de-economia-solidaria-faz-crescer-negocios-no-nordeste\/","title":{"rendered":"Programa de economia solid\u00e1ria faz crescer neg\u00f3cios no Nordeste"},"content":{"rendered":"<p>O programa de economia solid\u00e1ria do governo federal, que leva o nome do economista Paul Singer, vai contratar 1 mil pessoas, sendo 500 agentes neste m\u00eas e a outra metade no ano que vem. As a\u00e7\u00f5es voltadas para esse projeto foram divulgadas pelo secret\u00e1rio nacional de economia popular e solid\u00e1ria, Gilberto Carvalho. A regi\u00e3o Nordste \u00e9 um dos focos da a\u00e7\u00e3o.<\/p>\n<p>A economia solid\u00e1ria \u00e9 compreendida como um modelo de trabalhos em que as atividades s\u00e3o geridas coletivamente e os resultados s\u00e3o partilhados. \u201cN\u00f3s estamos contratando 500 agentes de economia solid\u00e1ria agora e mais 500 no in\u00edcio do ano. Ser\u00e3o pessoas que v\u00e3o trabalhar na base para estimular o surgimento de novos empreendimentos\u201d, afirmou Carvalho.<\/p>\n<p>O secret\u00e1rio explicou que os rendimentos nesse modelo preveem que a posse dos meios de produ\u00e7\u00e3o a gest\u00e3o seja dos trabalhadores. \u201cUma gest\u00e3o democratizada e partilhada. Os lucros e as rendas s\u00e3o distribu\u00eddos de forma econ\u00f4mica igualit\u00e1ria entre os participantes\u201d, defende Carvalho.<\/p>\n<p><strong>Legisla\u00e7\u00e3o<\/strong><br \/>\nO secret\u00e1rio nacional refor\u00e7ou a import\u00e2ncia da aprova\u00e7\u00e3o da lei 6609\/19, que criou a Pol\u00edtica Nacional de Economia Solid\u00e1ria, que ser\u00e1 sancionada pelo presidente Lula no pr\u00f3ximo dia 11, \u00e0s 10h. \u201cA lei oficializa a economia solid\u00e1ria como parte integrante da economia nacional\u201d.<\/p>\n<p>Gilberto Carvalho acrescentou que o governo busca mapear a for\u00e7a da economia solid\u00e1ria no Brasil. \u201cN\u00f3s estamos fazendo uma atualiza\u00e7\u00e3o do chamado Cadastro Nacional de Economia Solid\u00e1ria, que recolhe os dados das empresas que podem ser proclamadas de economia solid\u00e1ria. Isso vai nos dar, em breve, uma vis\u00e3o real do impacto que essa economia tem na vida de muitos brasileiros\u201d.<\/p>\n<p>O cadastro ser\u00e1 lan\u00e7ado tamb\u00e9m no pr\u00f3ximo dia 11 com link na internet do formul\u00e1rio para que os empreendimentos que se reconhe\u00e7am de economia solid\u00e1ria e fa\u00e7am a sua inscri\u00e7\u00e3o. \u201cA partir dessa inscri\u00e7\u00e3o, o empreendimento solid\u00e1rio se credencia para receber tamb\u00e9m benef\u00edcios fiscais. A lei vai nos permitir trabalhar e tamb\u00e9m fomento dos bancos p\u00fablicos\u201d, explicou o secret\u00e1rio nacional.<\/p>\n<p>Segundo os dados que o governo disp\u00f5e, o Brasil tem o registro de 20.670 empreendimentos que atuam dentro dos princ\u00edpios da economia popular e solid\u00e1ria. Esses neg\u00f3cios envolvem mais de 1,4 milh\u00e3o de trabalhadores e trabalhadoras.<\/p>\n","protected":false},"excerpt":{"rendered":"<p>O programa de economia solid\u00e1ria do governo federal, que leva o nome do economista Paul Singer, vai contratar 1 mil pessoas, sendo 500 agentes neste m\u00eas e a outra metade no ano que vem. As a\u00e7\u00f5es voltadas para esse projeto foram divulgadas pelo secret\u00e1rio nacional de economia popular e solid\u00e1ria, Gilberto Carvalho. A regi\u00e3o Nordste [&hellip;]<\/p>\n","protected":false},"author":2,"featured_media":342344,"comment_status":"closed","ping_status":"closed","sticky":false,"template":"","format":"standard","meta":{"_acf_changed":false,"footnotes":""},"categories":[165],"tags":[],"class_list":["post-342343","post","type-post","status-publish","format-standard","has-post-thumbnail","hentry","category-nordeste"],"acf":[],"_links":{"self":[{"href":"https:\/\/www.notibras.com\/site\/wp-json\/wp\/v2\/posts\/342343","targetHints":{"allow":["GET"]}}],"collection":[{"href":"https:\/\/www.notibras.com\/site\/wp-json\/wp\/v2\/posts"}],"about":[{"href":"https:\/\/www.notibras.com\/site\/wp-json\/wp\/v2\/types\/post"}],"author":[{"embeddable":true,"href":"https:\/\/www.notibras.com\/site\/wp-json\/wp\/v2\/users\/2"}],"replies":[{"embeddable":true,"href":"https:\/\/www.notibras.com\/site\/wp-json\/wp\/v2\/comments?post=342343"}],"version-history":[{"count":3,"href":"https:\/\/www.notibras.com\/site\/wp-json\/wp\/v2\/posts\/342343\/revisions"}],"predecessor-version":[{"id":342347,"href":"https:\/\/www.notibras.com\/site\/wp-json\/wp\/v2\/posts\/342343\/revisions\/342347"}],"wp:featuredmedia":[{"embeddable":true,"href":"https:\/\/www.notibras.com\/site\/wp-json\/wp\/v2\/media\/342344"}],"wp:attachment":[{"href":"https:\/\/www.notibras.com\/site\/wp-json\/wp\/v2\/media?parent=342343"}],"wp:term":[{"taxonomy":"category","embeddable":true,"href":"https:\/\/www.notibras.com\/site\/wp-json\/wp\/v2\/categories?post=342343"},{"taxonomy":"post_tag","embeddable":true,"href":"https:\/\/www.notibras.com\/site\/wp-json\/wp\/v2\/tags?post=342343"}],"curies":[{"name":"wp","href":"https:\/\/api.w.org\/{rel}","templated":true}]}}